{"id":2385,"date":"2021-05-31T13:27:29","date_gmt":"2021-05-31T11:27:29","guid":{"rendered":"http:\/\/polskaradapelletu.org\/?p=2385"},"modified":"2021-05-31T13:32:15","modified_gmt":"2021-05-31T11:32:15","slug":"premiera-raportu-pellet-drzewny-w-polsce","status":"publish","type":"post","link":"https:\/\/polskaradapelletu.org\/ru\/premiera-raportu-pellet-drzewny-w-polsce\/","title":{"rendered":"Stowarzyszenie Polska Rada Pelletu jako partner wydarzenia zaprasza serdecznie do publikacji &#171;PELLET DRZEWNY W POLSCE&#187;"},"content":{"rendered":"\n<p>W maju odby\u0142a si\u0119 \u00a0premiera pierwszej kompleksowej, w pe\u0142ni merytorycznej publikacji na temat pelletu drzewnego. <em>Pellet w Polsce 2021<\/em> \u00a0powsta\u0142 \u00a0we wsp\u00f3\u0142pracy z ekspertami bran\u017cowymi i specjalistami sektora OZE w tym. Celem opracowania jest promocja pelletu jako paliwa przysz\u0142o\u015bci i skutecznego or\u0119\u017ca do walki ze smogiem.<\/p>\n\n\n\n<p><strong>Pellet w Polsce 2021 &#8212; rynek dynamicznie ro\u015bnie<\/strong><\/p>\n\n\n\n<p>Polska produkuje rocznie ponad 1 mln ton pelletu drzewnego. Dynamicznie ro\u015bnie sektor nowoczesnych urz\u0105dze\u0144 grzewczych na pellet: kot\u0142\u00f3w, komink\u00f3w i piecyk\u00f3w. Badania naukowe i opracowania dotycz\u0105ce pelletu publikowane przez europejskie stowarzyszenia bran\u017cowe pokazuj\u0105, \u017ce to<strong> biopaliwo jest ekologiczne<\/strong> i doskonale wpisuje si\u0119 w gospodark\u0119 obiegu zamkni\u0119tego.<\/p>\n\n\n\n<p>Dlaczego wi\u0119c w Polsce, na skutek uchwa\u0142 antysmogowych, spalanie pelletu w Polsce jest zakazywane? <strong>Dlaczego wbrew zachodnioeuropejskim trendom, gdzie biomasa jest wa\u017cnym elementem walki o neutralno\u015b\u0107 emisyjn\u0105<\/strong>, pellet traktowany jest na r\u00f3wni z paliwami kopalnymi: w\u0119glem, ekogroszkiem, flotami czy olejem opa\u0142owym?<\/p>\n\n\n\n<p>&#8212; <em>W du\u017cej mierze wynika to z braku wiedzy. Funkcjonuj\u0105ce wci\u0105\u017c stereotypu ka\u017c\u0105 widzie\u0107 pellet jako paliwo, kt\u00f3rego spalanie przyczynia si\u0119 emisji CO2. Pokutuje tak\u017ce przekonanie, \u017ce pellet powstaje kosztem las\u00f3w, co jest oczywist\u0105 nieprawd\u0105<\/em> &#8212; m\u00f3wi <strong>Jolanta Kami\u0144ska<\/strong> z wydawnictwa magazynbiomasa.pl . <em>&#8212; Chc\u0105c usystematyzowa\u0107 wiedz\u0119 na temat pelletu oraz wskaza\u0107 jego rol\u0119 w walce o czyste powietrze zdecydowali\u015bmy si\u0119 stworzy\u0107 rzetelne, w pe\u0142ni merytoryczne opracowanie &#8212; <\/em>m\u00f3wi J. Kami\u0144ska.<\/p>\n\n\n\n<div class=\"wp-block-image\"><figure class=\"aligncenter size-large is-resized\"><img loading=\"lazy\" decoding=\"async\" src=\"http:\/\/polskaradapelletu.org\/wp-content\/uploads\/2021\/05\/2021-PELLET-oklada-3-pdf-728x1030.jpg\" alt=\"\" class=\"wp-image-2391\" width=\"171\" height=\"242\"\/><\/figure><\/div>\n\n\n\n<p>Raport &#171;Pellet w Polsce&#187; to:<\/p>\n\n\n\n<ul class=\"wp-block-list\"><li>pierwsza tego typu kompleksowa publikacja przygotowana przez ekspert\u00f3w bran\u017cowych,<\/li><li>silny g\u0142os profesjonalist\u00f3w dotycz\u0105cy roli pelletu w krajowym systemie energetycznym,<\/li><li>opracowanie, kt\u00f3re pokazuje aktualny stan bran\u017cy i rekomendacje dotycz\u0105ce jej rozwoju,<\/li><li>w pe\u0142ni merytoryczny raport, kt\u00f3ry w czytelny i poparty naukowymi dowodami spos\u00f3b przedstawi zalety pelletu \u2013 ekologicznego biopaliwa,<\/li><li>bran\u017cowa publikacja adresowana m.in. do ministerstw, instytucji rz\u0105dowych oraz samorz\u0105d\u00f3w.<\/li><\/ul>\n\n\n\n<p>Raport mo\u017cna pobra\u0107 z linku poni\u017cej: <a href=\"https:\/\/magazynbiomasa.pl\/raport-pellet-drzewny-w-polsce-pobierz-opracowanie\/\">https:\/\/magazynbiomasa.pl\/raport-pellet-drzewny-w-polsce-pobierz-opracowanie\/<\/a><\/p>\n\n\n\n<p><\/p>\n","protected":false},"excerpt":{"rendered":"<p>W maju odby\u0142a si\u0119 \u00a0premiera pierwszej kompleksowej, w pe\u0142ni merytorycznej publikacji na temat pelletu drzewnego. Pellet w Polsce 2021 \u00a0powsta\u0142 \u00a0we wsp\u00f3\u0142pracy z ekspertami bran\u017cowymi i specjalistami sektora OZE w tym. Celem opracowania jest promocja pelletu jako paliwa przysz\u0142o\u015bci i skutecznego or\u0119\u017ca do walki ze smogiem. Pellet w Polsce 2021 &#8212; rynek dynamicznie ro\u015bnie Polska [&hellip;]<\/p>\n","protected":false},"author":1,"featured_media":2387,"comment_status":"closed","ping_status":"closed","sticky":false,"template":"","format":"standard","meta":{"_acf_changed":false,"_exactmetrics_skip_tracking":false,"_exactmetrics_sitenote_active":false,"_exactmetrics_sitenote_note":"","_exactmetrics_sitenote_category":0,"footnotes":""},"categories":[1],"tags":[],"class_list":["post-2385","post","type-post","status-publish","format-standard","has-post-thumbnail","hentry","category-1"],"acf":[],"yoast_head":"<!-- This site is optimized with the Yoast SEO plugin v24.3 - https:\/\/yoast.com\/wordpress\/plugins\/seo\/ -->\n<title>Stowarzyszenie Polska Rada Pelletu jako partner wydarzenia zaprasza serdecznie do publikacji &quot;PELLET DRZEWNY W POLSCE&quot; - (Polski) Polska Rada Pelletu<\/title>\n<meta name=\"robots\" content=\"index, follow, max-snippet:-1, max-image-preview:large, max-video-preview:-1\" \/>\n<link rel=\"canonical\" href=\"https:\/\/polskaradapelletu.org\/premiera-raportu-pellet-drzewny-w-polsce\/\" \/>\n<meta property=\"og:locale\" content=\"ru_RU\" \/>\n<meta property=\"og:type\" content=\"article\" \/>\n<meta property=\"og:title\" content=\"Stowarzyszenie Polska Rada Pelletu jako partner wydarzenia zaprasza serdecznie do publikacji &quot;PELLET DRZEWNY W POLSCE&quot; - (Polski) Polska Rada Pelletu\" \/>\n<meta property=\"og:description\" content=\"W maju odby\u0142a si\u0119 \u00a0premiera pierwszej kompleksowej, w pe\u0142ni merytorycznej publikacji na temat pelletu drzewnego. Pellet w Polsce 2021 \u00a0powsta\u0142 \u00a0we wsp\u00f3\u0142pracy z ekspertami bran\u017cowymi i specjalistami sektora OZE w tym. Celem opracowania jest promocja pelletu jako paliwa przysz\u0142o\u015bci i skutecznego or\u0119\u017ca do walki ze smogiem. Pellet w Polsce 2021 &#8212; rynek dynamicznie ro\u015bnie Polska [&hellip;]\" \/>\n<meta property=\"og:url\" content=\"https:\/\/polskaradapelletu.org\/premiera-raportu-pellet-drzewny-w-polsce\/\" \/>\n<meta property=\"og:site_name\" content=\"(Polski) Polska Rada Pelletu\" \/>\n<meta property=\"article:published_time\" content=\"2021-05-31T11:27:29+00:00\" \/>\n<meta property=\"article:modified_time\" content=\"2021-05-31T11:32:15+00:00\" \/>\n<meta name=\"author\" content=\"polskaradapelletu\" \/>\n<meta name=\"twitter:card\" content=\"summary_large_image\" \/>\n<meta name=\"twitter:label1\" content=\"\u041d\u0430\u043f\u0438\u0441\u0430\u043d\u043e \u0430\u0432\u0442\u043e\u0440\u043e\u043c\" \/>\n\t<meta name=\"twitter:data1\" content=\"polskaradapelletu\" \/>\n\t<meta name=\"twitter:label2\" content=\"\u041f\u0440\u0438\u043c\u0435\u0440\u043d\u043e\u0435 \u0432\u0440\u0435\u043c\u044f \u0434\u043b\u044f \u0447\u0442\u0435\u043d\u0438\u044f\" \/>\n\t<meta name=\"twitter:data2\" content=\"2 \u043c\u0438\u043d\u0443\u0442\u044b\" \/>\n<script type=\"application\/ld+json\" class=\"yoast-schema-graph\">{\"@context\":\"https:\/\/schema.org\",\"@graph\":[{\"@type\":\"WebPage\",\"@id\":\"https:\/\/polskaradapelletu.org\/premiera-raportu-pellet-drzewny-w-polsce\/\",\"url\":\"https:\/\/polskaradapelletu.org\/premiera-raportu-pellet-drzewny-w-polsce\/\",\"name\":\"Stowarzyszenie Polska Rada Pelletu jako partner wydarzenia zaprasza serdecznie do publikacji \\\"PELLET DRZEWNY W POLSCE\\\" - (Polski) Polska Rada Pelletu\",\"isPartOf\":{\"@id\":\"https:\/\/polskaradapelletu.org\/#website\"},\"primaryImageOfPage\":{\"@id\":\"https:\/\/polskaradapelletu.org\/premiera-raportu-pellet-drzewny-w-polsce\/#primaryimage\"},\"image\":{\"@id\":\"https:\/\/polskaradapelletu.org\/premiera-raportu-pellet-drzewny-w-polsce\/#primaryimage\"},\"thumbnailUrl\":\"https:\/\/polskaradapelletu.org\/wp-content\/uploads\/2021\/05\/2021-PELLET-oklada-pdf.jpg\",\"datePublished\":\"2021-05-31T11:27:29+00:00\",\"dateModified\":\"2021-05-31T11:32:15+00:00\",\"author\":{\"@id\":\"https:\/\/polskaradapelletu.org\/#\/schema\/person\/29e23b016091609a8e1bee8c19b2974d\"},\"breadcrumb\":{\"@id\":\"https:\/\/polskaradapelletu.org\/premiera-raportu-pellet-drzewny-w-polsce\/#breadcrumb\"},\"inLanguage\":\"ru-RU\",\"potentialAction\":[{\"@type\":\"ReadAction\",\"target\":[\"https:\/\/polskaradapelletu.org\/premiera-raportu-pellet-drzewny-w-polsce\/\"]}]},{\"@type\":\"ImageObject\",\"inLanguage\":\"ru-RU\",\"@id\":\"https:\/\/polskaradapelletu.org\/premiera-raportu-pellet-drzewny-w-polsce\/#primaryimage\",\"url\":\"https:\/\/polskaradapelletu.org\/wp-content\/uploads\/2021\/05\/2021-PELLET-oklada-pdf.jpg\",\"contentUrl\":\"https:\/\/polskaradapelletu.org\/wp-content\/uploads\/2021\/05\/2021-PELLET-oklada-pdf.jpg\"},{\"@type\":\"BreadcrumbList\",\"@id\":\"https:\/\/polskaradapelletu.org\/premiera-raportu-pellet-drzewny-w-polsce\/#breadcrumb\",\"itemListElement\":[{\"@type\":\"ListItem\",\"position\":1,\"name\":\"Strona g\u0142\u00f3wna\",\"item\":\"https:\/\/polskaradapelletu.org\/\"},{\"@type\":\"ListItem\",\"position\":2,\"name\":\"Stowarzyszenie Polska Rada Pelletu jako partner wydarzenia zaprasza serdecznie do publikacji &#8222;PELLET DRZEWNY W POLSCE&#8221;\"}]},{\"@type\":\"WebSite\",\"@id\":\"https:\/\/polskaradapelletu.org\/#website\",\"url\":\"https:\/\/polskaradapelletu.org\/\",\"name\":\"(Polski) Polska Rada Pelletu\",\"description\":\"\",\"potentialAction\":[{\"@type\":\"SearchAction\",\"target\":{\"@type\":\"EntryPoint\",\"urlTemplate\":\"https:\/\/polskaradapelletu.org\/?s={search_term_string}\"},\"query-input\":{\"@type\":\"PropertyValueSpecification\",\"valueRequired\":true,\"valueName\":\"search_term_string\"}}],\"inLanguage\":\"ru-RU\"},{\"@type\":\"Person\",\"@id\":\"https:\/\/polskaradapelletu.org\/#\/schema\/person\/29e23b016091609a8e1bee8c19b2974d\",\"name\":\"polskaradapelletu\",\"image\":{\"@type\":\"ImageObject\",\"inLanguage\":\"ru-RU\",\"@id\":\"https:\/\/polskaradapelletu.org\/#\/schema\/person\/image\/\",\"url\":\"https:\/\/secure.gravatar.com\/avatar\/a68cd56ce9ec1bec9fa006c06b168404?s=96&d=mm&r=g\",\"contentUrl\":\"https:\/\/secure.gravatar.com\/avatar\/a68cd56ce9ec1bec9fa006c06b168404?s=96&d=mm&r=g\",\"caption\":\"polskaradapelletu\"},\"url\":\"https:\/\/polskaradapelletu.org\/ru\/author\/polskaradapelletu\/\"}]}<\/script>\n<!-- \/ Yoast SEO plugin. -->","yoast_head_json":{"title":"Stowarzyszenie Polska Rada Pelletu jako partner wydarzenia zaprasza serdecznie do publikacji \"PELLET DRZEWNY W POLSCE\" - (Polski) Polska Rada Pelletu","robots":{"index":"index","follow":"follow","max-snippet":"max-snippet:-1","max-image-preview":"max-image-preview:large","max-video-preview":"max-video-preview:-1"},"canonical":"https:\/\/polskaradapelletu.org\/premiera-raportu-pellet-drzewny-w-polsce\/","og_locale":"ru_RU","og_type":"article","og_title":"Stowarzyszenie Polska Rada Pelletu jako partner wydarzenia zaprasza serdecznie do publikacji \"PELLET DRZEWNY W POLSCE\" - (Polski) Polska Rada Pelletu","og_description":"W maju odby\u0142a si\u0119 \u00a0premiera pierwszej kompleksowej, w pe\u0142ni merytorycznej publikacji na temat pelletu drzewnego. Pellet w Polsce 2021 \u00a0powsta\u0142 \u00a0we wsp\u00f3\u0142pracy z ekspertami bran\u017cowymi i specjalistami sektora OZE w tym. Celem opracowania jest promocja pelletu jako paliwa przysz\u0142o\u015bci i skutecznego or\u0119\u017ca do walki ze smogiem. Pellet w Polsce 2021 &#8212; rynek dynamicznie ro\u015bnie Polska [&hellip;]","og_url":"https:\/\/polskaradapelletu.org\/premiera-raportu-pellet-drzewny-w-polsce\/","og_site_name":"(Polski) Polska Rada Pelletu","article_published_time":"2021-05-31T11:27:29+00:00","article_modified_time":"2021-05-31T11:32:15+00:00","author":"polskaradapelletu","twitter_card":"summary_large_image","twitter_misc":{"\u041d\u0430\u043f\u0438\u0441\u0430\u043d\u043e \u0430\u0432\u0442\u043e\u0440\u043e\u043c":"polskaradapelletu","\u041f\u0440\u0438\u043c\u0435\u0440\u043d\u043e\u0435 \u0432\u0440\u0435\u043c\u044f \u0434\u043b\u044f \u0447\u0442\u0435\u043d\u0438\u044f":"2 \u043c\u0438\u043d\u0443\u0442\u044b"},"schema":{"@context":"https:\/\/schema.org","@graph":[{"@type":"WebPage","@id":"https:\/\/polskaradapelletu.org\/premiera-raportu-pellet-drzewny-w-polsce\/","url":"https:\/\/polskaradapelletu.org\/premiera-raportu-pellet-drzewny-w-polsce\/","name":"Stowarzyszenie Polska Rada Pelletu jako partner wydarzenia zaprasza serdecznie do publikacji \"PELLET DRZEWNY W POLSCE\" - (Polski) Polska Rada Pelletu","isPartOf":{"@id":"https:\/\/polskaradapelletu.org\/#website"},"primaryImageOfPage":{"@id":"https:\/\/polskaradapelletu.org\/premiera-raportu-pellet-drzewny-w-polsce\/#primaryimage"},"image":{"@id":"https:\/\/polskaradapelletu.org\/premiera-raportu-pellet-drzewny-w-polsce\/#primaryimage"},"thumbnailUrl":"https:\/\/polskaradapelletu.org\/wp-content\/uploads\/2021\/05\/2021-PELLET-oklada-pdf.jpg","datePublished":"2021-05-31T11:27:29+00:00","dateModified":"2021-05-31T11:32:15+00:00","author":{"@id":"https:\/\/polskaradapelletu.org\/#\/schema\/person\/29e23b016091609a8e1bee8c19b2974d"},"breadcrumb":{"@id":"https:\/\/polskaradapelletu.org\/premiera-raportu-pellet-drzewny-w-polsce\/#breadcrumb"},"inLanguage":"ru-RU","potentialAction":[{"@type":"ReadAction","target":["https:\/\/polskaradapelletu.org\/premiera-raportu-pellet-drzewny-w-polsce\/"]}]},{"@type":"ImageObject","inLanguage":"ru-RU","@id":"https:\/\/polskaradapelletu.org\/premiera-raportu-pellet-drzewny-w-polsce\/#primaryimage","url":"https:\/\/polskaradapelletu.org\/wp-content\/uploads\/2021\/05\/2021-PELLET-oklada-pdf.jpg","contentUrl":"https:\/\/polskaradapelletu.org\/wp-content\/uploads\/2021\/05\/2021-PELLET-oklada-pdf.jpg"},{"@type":"BreadcrumbList","@id":"https:\/\/polskaradapelletu.org\/premiera-raportu-pellet-drzewny-w-polsce\/#breadcrumb","itemListElement":[{"@type":"ListItem","position":1,"name":"Strona g\u0142\u00f3wna","item":"https:\/\/polskaradapelletu.org\/"},{"@type":"ListItem","position":2,"name":"Stowarzyszenie Polska Rada Pelletu jako partner wydarzenia zaprasza serdecznie do publikacji &#8222;PELLET DRZEWNY W POLSCE&#8221;"}]},{"@type":"WebSite","@id":"https:\/\/polskaradapelletu.org\/#website","url":"https:\/\/polskaradapelletu.org\/","name":"(Polski) Polska Rada Pelletu","description":"","potentialAction":[{"@type":"SearchAction","target":{"@type":"EntryPoint","urlTemplate":"https:\/\/polskaradapelletu.org\/?s={search_term_string}"},"query-input":{"@type":"PropertyValueSpecification","valueRequired":true,"valueName":"search_term_string"}}],"inLanguage":"ru-RU"},{"@type":"Person","@id":"https:\/\/polskaradapelletu.org\/#\/schema\/person\/29e23b016091609a8e1bee8c19b2974d","name":"polskaradapelletu","image":{"@type":"ImageObject","inLanguage":"ru-RU","@id":"https:\/\/polskaradapelletu.org\/#\/schema\/person\/image\/","url":"https:\/\/secure.gravatar.com\/avatar\/a68cd56ce9ec1bec9fa006c06b168404?s=96&d=mm&r=g","contentUrl":"https:\/\/secure.gravatar.com\/avatar\/a68cd56ce9ec1bec9fa006c06b168404?s=96&d=mm&r=g","caption":"polskaradapelletu"},"url":"https:\/\/polskaradapelletu.org\/ru\/author\/polskaradapelletu\/"}]}},"_links":{"self":[{"href":"https:\/\/polskaradapelletu.org\/ru\/wp-json\/wp\/v2\/posts\/2385","targetHints":{"allow":["GET"]}}],"collection":[{"href":"https:\/\/polskaradapelletu.org\/ru\/wp-json\/wp\/v2\/posts"}],"about":[{"href":"https:\/\/polskaradapelletu.org\/ru\/wp-json\/wp\/v2\/types\/post"}],"author":[{"embeddable":true,"href":"https:\/\/polskaradapelletu.org\/ru\/wp-json\/wp\/v2\/users\/1"}],"replies":[{"embeddable":true,"href":"https:\/\/polskaradapelletu.org\/ru\/wp-json\/wp\/v2\/comments?post=2385"}],"version-history":[{"count":3,"href":"https:\/\/polskaradapelletu.org\/ru\/wp-json\/wp\/v2\/posts\/2385\/revisions"}],"predecessor-version":[{"id":2393,"href":"https:\/\/polskaradapelletu.org\/ru\/wp-json\/wp\/v2\/posts\/2385\/revisions\/2393"}],"wp:featuredmedia":[{"embeddable":true,"href":"https:\/\/polskaradapelletu.org\/ru\/wp-json\/wp\/v2\/media\/2387"}],"wp:attachment":[{"href":"https:\/\/polskaradapelletu.org\/ru\/wp-json\/wp\/v2\/media?parent=2385"}],"wp:term":[{"taxonomy":"category","embeddable":true,"href":"https:\/\/polskaradapelletu.org\/ru\/wp-json\/wp\/v2\/categories?post=2385"},{"taxonomy":"post_tag","embeddable":true,"href":"https:\/\/polskaradapelletu.org\/ru\/wp-json\/wp\/v2\/tags?post=2385"}],"curies":[{"name":"wp","href":"https:\/\/api.w.org\/{rel}","templated":true}]}}