{"id":3069,"date":"2023-10-04T16:54:16","date_gmt":"2023-10-04T14:54:16","guid":{"rendered":"http:\/\/polskaradapelletu.org\/?p=3069"},"modified":"2023-10-04T16:55:11","modified_gmt":"2023-10-04T14:55:11","slug":"5-konferencja-biomasa-i-paliwa-alternatywne-w-cieplownictwie-12-13-pazdziernika","status":"publish","type":"post","link":"http:\/\/polskaradapelletu.org\/ru\/5-konferencja-biomasa-i-paliwa-alternatywne-w-cieplownictwie-12-13-pazdziernika\/","title":{"rendered":"5. Konferencja Biomasa i paliwa alternatywne w ciep\u0142ownictwie 12-13 pa\u017adziernika"},"content":{"rendered":"\n<p>Dyrektorzy i kierownicy przedsi\u0119biorstw ciep\u0142owniczych i energetycznych, producenci biomasy i paliw alternatywnych, dostawcy technologii, eksperci oraz przedstawiciele stowarzysze\u0144 bran\u017cowych wezm\u0105 udzia\u0142 w 5. edycji konferencji Biomasa i paliwa alternatywne w ciep\u0142ownictwie, kt\u00f3ra rusza ju\u017c 12 pa\u017adziernika.<\/p>\n\n\n\n<hr class=\"wp-block-separator\"\/>\n\n\n\n<p><a rel=\"noreferrer noopener\" href=\"https:\/\/magazynbiomasa.pl\/biomasa-w-cieplownictwie\/biomasa-w-cieplownictwie-rejestracja\/\" target=\"_blank\"><strong>Zarejestruj si\u0119 na konferencj\u0119 ju\u017c dzi\u015b!<\/strong><\/a><\/p>\n\n\n\n<hr class=\"wp-block-separator\"\/>\n\n\n\n<p><strong>5. Konferencja Biomasa i paliwa alternatywne w ciep\u0142ownictwie<\/strong><\/p>\n\n\n\n<p>Krajowe ciep\u0142ownictwo potrzebuje nowej strategii, kt\u00f3ra b\u0119dzie odzwierciedla\u0107 stoj\u0105ce przed sektorem wyzwania. Dekarbonizacja, modernizacja, finansowanie \u2013 te trzy tematy s\u0105 dzi\u015b kluczowe w rozmowie o przysz\u0142o\u015bci ciep\u0142ownictwa w Polsce. Kt\u00f3re z paliw b\u0119dzie optymalne dla instalacji? Jak rozwija si\u0119 rynek paliw alternatywnych? Jak pozyska\u0107 finansowe wsparcie na modernizacj\u0119 przedsi\u0119biorstwa ciep\u0142owniczego?<\/p>\n\n\n\n<p>Na te pytania b\u0119dziemy odpowiada\u0107 podczas&nbsp;5. Konferencji Biomasa i paliwa alternatywne w ciep\u0142ownictwie, kt\u00f3ra odb\u0119dzie si\u0119&nbsp;12-13 pa\u017adziernika w Luxury Hotel w Piekarach \u015al\u0105skich.&nbsp;Spotkanie bran\u017cy ciep\u0142owniczej adresujemy tak\u017ce do przedstawicieli sektora&nbsp;biomasowego, energetycznego, odpadowego.<\/p>\n\n\n\n<div class=\"wp-block-image\"><figure class=\"aligncenter size-large\"><img loading=\"lazy\" decoding=\"async\" width=\"750\" height=\"100\" src=\"http:\/\/polskaradapelletu.org\/wp-content\/uploads\/2023\/10\/5_BwC_750_100-PL.jpg\" alt=\"\" class=\"wp-image-3070\" srcset=\"http:\/\/polskaradapelletu.org\/wp-content\/uploads\/2023\/10\/5_BwC_750_100-PL.jpg 750w, http:\/\/polskaradapelletu.org\/wp-content\/uploads\/2023\/10\/5_BwC_750_100-PL-300x40.jpg 300w, http:\/\/polskaradapelletu.org\/wp-content\/uploads\/2023\/10\/5_BwC_750_100-PL-705x94.jpg 705w, http:\/\/polskaradapelletu.org\/wp-content\/uploads\/2023\/10\/5_BwC_750_100-PL-450x60.jpg 450w\" sizes=\"auto, (max-width: 750px) 100vw, 750px\" \/><\/figure><\/div>\n\n\n\n<hr class=\"wp-block-separator\"\/>\n\n\n\n<p><a href=\"https:\/\/magazynbiomasa.pl\/konferencja-biomasa-i-paliwa-alternatywne-w-cieplownictwie-zobacz-zdjecia\/\" target=\"_blank\" rel=\"noreferrer noopener\">Zobacz relacj\u0119 z IV Konferencji Biomasa i paliwa alternatywne w ciep\u0142ownictwie<\/a><\/p>\n\n\n\n<hr class=\"wp-block-separator\"\/>\n\n\n\n<p><strong>Program wydarzenia obejmie m.in.:<\/strong><\/p>\n\n\n\n<ul class=\"wp-block-list\"><li>Dyrektywa RED III a wyzwania dla ciep\u0142ownictwa<\/li><li>Kogeneracja \u2013 niewykorzystany potencja\u0142<\/li><li>Biogaz i wod\u00f3r \u2013 paliwa przysz\u0142o\u015bci dla ciep\u0142ownictwa?<\/li><li>Biomasa w ciep\u0142ownictwie \u2013 szanse i ograniczenia<\/li><li>Forum Lider\u00f3w \u2013 debata z udzia\u0142em ekspert\u00f3w sektora ciep\u0142owniczego<\/li><\/ul>\n\n\n\n<p><strong>Wizyta studyjna w Elektrociep\u0142owni Veolia<\/strong><\/p>\n\n\n\n<p>Drugiego dnia konferencji&nbsp;\u2013 13 pa\u017adziernika \u2013 odb\u0119dzie si\u0119 wizyta studyjna w Elektrociep\u0142owni Veolia Po\u0142udnie w Tarnowskich G\u00f3rach. Uczestnicy wydarzenia b\u0119d\u0105 mogli zapozna\u0107 si\u0119 z rozwi\u0105zaniami technologicznymi, kt\u00f3re umo\u017cliwiaj\u0105 wykorzystanie w zak\u0142adzie biomasy i biogazu produkowanego w lokalnej oczyszczalni \u015bciek\u00f3w. Do\u0142\u0105cz do spotkania i skorzystaj z szansy zwiedzania instalacji w Tarnowskich G\u00f3rach!<\/p>\n\n\n\n<div class=\"wp-block-image\"><figure class=\"aligncenter size-large\"><img loading=\"lazy\" decoding=\"async\" width=\"800\" height=\"400\" src=\"http:\/\/polskaradapelletu.org\/wp-content\/uploads\/2023\/10\/5_BwC_800_400_PL.jpg\" alt=\"\" class=\"wp-image-3071\" srcset=\"http:\/\/polskaradapelletu.org\/wp-content\/uploads\/2023\/10\/5_BwC_800_400_PL.jpg 800w, http:\/\/polskaradapelletu.org\/wp-content\/uploads\/2023\/10\/5_BwC_800_400_PL-300x150.jpg 300w, http:\/\/polskaradapelletu.org\/wp-content\/uploads\/2023\/10\/5_BwC_800_400_PL-768x384.jpg 768w, http:\/\/polskaradapelletu.org\/wp-content\/uploads\/2023\/10\/5_BwC_800_400_PL-705x353.jpg 705w, http:\/\/polskaradapelletu.org\/wp-content\/uploads\/2023\/10\/5_BwC_800_400_PL-450x225.jpg 450w\" sizes=\"auto, (max-width: 800px) 100vw, 800px\" \/><\/figure><\/div>\n","protected":false},"excerpt":{"rendered":"<p>Dyrektorzy i kierownicy przedsi\u0119biorstw ciep\u0142owniczych i energetycznych, producenci biomasy i paliw alternatywnych, dostawcy technologii, eksperci oraz przedstawiciele stowarzysze\u0144 bran\u017cowych wezm\u0105 udzia\u0142 w 5. edycji konferencji Biomasa i paliwa alternatywne w ciep\u0142ownictwie, kt\u00f3ra rusza ju\u017c 12 pa\u017adziernika. Zarejestruj si\u0119 na konferencj\u0119 ju\u017c dzi\u015b! 5. Konferencja Biomasa i paliwa alternatywne w ciep\u0142ownictwie Krajowe ciep\u0142ownictwo potrzebuje nowej strategii, [&hellip;]<\/p>\n","protected":false},"author":1,"featured_media":3071,"comment_status":"closed","ping_status":"closed","sticky":false,"template":"","format":"standard","meta":{"_acf_changed":false,"_exactmetrics_skip_tracking":false,"_exactmetrics_sitenote_active":false,"_exactmetrics_sitenote_note":"","_exactmetrics_sitenote_category":0,"footnotes":""},"categories":[1],"tags":[],"class_list":["post-3069","post","type-post","status-publish","format-standard","has-post-thumbnail","hentry","category-1"],"acf":[],"yoast_head":"<!-- This site is optimized with the Yoast SEO plugin v24.3 - https:\/\/yoast.com\/wordpress\/plugins\/seo\/ -->\n<title>5. Konferencja Biomasa i paliwa alternatywne w ciep\u0142ownictwie 12-13 pa\u017adziernika - (Polski) Polska Rada Pelletu<\/title>\n<meta name=\"robots\" content=\"index, follow, max-snippet:-1, max-image-preview:large, max-video-preview:-1\" \/>\n<link rel=\"canonical\" href=\"https:\/\/polskaradapelletu.org\/5-konferencja-biomasa-i-paliwa-alternatywne-w-cieplownictwie-12-13-pazdziernika\/\" \/>\n<meta property=\"og:locale\" content=\"ru_RU\" \/>\n<meta property=\"og:type\" content=\"article\" \/>\n<meta property=\"og:title\" content=\"5. Konferencja Biomasa i paliwa alternatywne w ciep\u0142ownictwie 12-13 pa\u017adziernika - (Polski) Polska Rada Pelletu\" \/>\n<meta property=\"og:description\" content=\"Dyrektorzy i kierownicy przedsi\u0119biorstw ciep\u0142owniczych i energetycznych, producenci biomasy i paliw alternatywnych, dostawcy technologii, eksperci oraz przedstawiciele stowarzysze\u0144 bran\u017cowych wezm\u0105 udzia\u0142 w 5. edycji konferencji Biomasa i paliwa alternatywne w ciep\u0142ownictwie, kt\u00f3ra rusza ju\u017c 12 pa\u017adziernika. Zarejestruj si\u0119 na konferencj\u0119 ju\u017c dzi\u015b! 5. Konferencja Biomasa i paliwa alternatywne w ciep\u0142ownictwie Krajowe ciep\u0142ownictwo potrzebuje nowej strategii, [&hellip;]\" \/>\n<meta property=\"og:url\" content=\"https:\/\/polskaradapelletu.org\/5-konferencja-biomasa-i-paliwa-alternatywne-w-cieplownictwie-12-13-pazdziernika\/\" \/>\n<meta property=\"og:site_name\" content=\"(Polski) Polska Rada Pelletu\" \/>\n<meta property=\"article:published_time\" content=\"2023-10-04T14:54:16+00:00\" \/>\n<meta property=\"article:modified_time\" content=\"2023-10-04T14:55:11+00:00\" \/>\n<meta property=\"og:image\" content=\"https:\/\/polskaradapelletu.org\/wp-content\/uploads\/2023\/10\/5_BwC_800_400_PL.jpg\" \/>\n\t<meta property=\"og:image:width\" content=\"800\" \/>\n\t<meta property=\"og:image:height\" content=\"400\" \/>\n\t<meta property=\"og:image:type\" content=\"image\/jpeg\" \/>\n<meta name=\"author\" content=\"polskaradapelletu\" \/>\n<meta name=\"twitter:card\" content=\"summary_large_image\" \/>\n<meta name=\"twitter:label1\" content=\"\u041d\u0430\u043f\u0438\u0441\u0430\u043d\u043e \u0430\u0432\u0442\u043e\u0440\u043e\u043c\" \/>\n\t<meta name=\"twitter:data1\" content=\"polskaradapelletu\" \/>\n\t<meta name=\"twitter:label2\" content=\"\u041f\u0440\u0438\u043c\u0435\u0440\u043d\u043e\u0435 \u0432\u0440\u0435\u043c\u044f \u0434\u043b\u044f \u0447\u0442\u0435\u043d\u0438\u044f\" \/>\n\t<meta name=\"twitter:data2\" content=\"1 \u043c\u0438\u043d\u0443\u0442\u0430\" \/>\n<script type=\"application\/ld+json\" class=\"yoast-schema-graph\">{\"@context\":\"https:\/\/schema.org\",\"@graph\":[{\"@type\":\"WebPage\",\"@id\":\"https:\/\/polskaradapelletu.org\/5-konferencja-biomasa-i-paliwa-alternatywne-w-cieplownictwie-12-13-pazdziernika\/\",\"url\":\"https:\/\/polskaradapelletu.org\/5-konferencja-biomasa-i-paliwa-alternatywne-w-cieplownictwie-12-13-pazdziernika\/\",\"name\":\"5. Konferencja Biomasa i paliwa alternatywne w ciep\u0142ownictwie 12-13 pa\u017adziernika - (Polski) Polska Rada Pelletu\",\"isPartOf\":{\"@id\":\"https:\/\/polskaradapelletu.org\/#website\"},\"primaryImageOfPage\":{\"@id\":\"https:\/\/polskaradapelletu.org\/5-konferencja-biomasa-i-paliwa-alternatywne-w-cieplownictwie-12-13-pazdziernika\/#primaryimage\"},\"image\":{\"@id\":\"https:\/\/polskaradapelletu.org\/5-konferencja-biomasa-i-paliwa-alternatywne-w-cieplownictwie-12-13-pazdziernika\/#primaryimage\"},\"thumbnailUrl\":\"http:\/\/polskaradapelletu.org\/wp-content\/uploads\/2023\/10\/5_BwC_800_400_PL.jpg\",\"datePublished\":\"2023-10-04T14:54:16+00:00\",\"dateModified\":\"2023-10-04T14:55:11+00:00\",\"author\":{\"@id\":\"https:\/\/polskaradapelletu.org\/#\/schema\/person\/29e23b016091609a8e1bee8c19b2974d\"},\"breadcrumb\":{\"@id\":\"https:\/\/polskaradapelletu.org\/5-konferencja-biomasa-i-paliwa-alternatywne-w-cieplownictwie-12-13-pazdziernika\/#breadcrumb\"},\"inLanguage\":\"ru-RU\",\"potentialAction\":[{\"@type\":\"ReadAction\",\"target\":[\"https:\/\/polskaradapelletu.org\/5-konferencja-biomasa-i-paliwa-alternatywne-w-cieplownictwie-12-13-pazdziernika\/\"]}]},{\"@type\":\"ImageObject\",\"inLanguage\":\"ru-RU\",\"@id\":\"https:\/\/polskaradapelletu.org\/5-konferencja-biomasa-i-paliwa-alternatywne-w-cieplownictwie-12-13-pazdziernika\/#primaryimage\",\"url\":\"http:\/\/polskaradapelletu.org\/wp-content\/uploads\/2023\/10\/5_BwC_800_400_PL.jpg\",\"contentUrl\":\"http:\/\/polskaradapelletu.org\/wp-content\/uploads\/2023\/10\/5_BwC_800_400_PL.jpg\",\"width\":800,\"height\":400},{\"@type\":\"BreadcrumbList\",\"@id\":\"https:\/\/polskaradapelletu.org\/5-konferencja-biomasa-i-paliwa-alternatywne-w-cieplownictwie-12-13-pazdziernika\/#breadcrumb\",\"itemListElement\":[{\"@type\":\"ListItem\",\"position\":1,\"name\":\"Strona g\u0142\u00f3wna\",\"item\":\"https:\/\/polskaradapelletu.org\/\"},{\"@type\":\"ListItem\",\"position\":2,\"name\":\"5. Konferencja Biomasa i paliwa alternatywne w ciep\u0142ownictwie 12-13 pa\u017adziernika\"}]},{\"@type\":\"WebSite\",\"@id\":\"https:\/\/polskaradapelletu.org\/#website\",\"url\":\"https:\/\/polskaradapelletu.org\/\",\"name\":\"(Polski) Polska Rada Pelletu\",\"description\":\"\",\"potentialAction\":[{\"@type\":\"SearchAction\",\"target\":{\"@type\":\"EntryPoint\",\"urlTemplate\":\"https:\/\/polskaradapelletu.org\/?s={search_term_string}\"},\"query-input\":{\"@type\":\"PropertyValueSpecification\",\"valueRequired\":true,\"valueName\":\"search_term_string\"}}],\"inLanguage\":\"ru-RU\"},{\"@type\":\"Person\",\"@id\":\"https:\/\/polskaradapelletu.org\/#\/schema\/person\/29e23b016091609a8e1bee8c19b2974d\",\"name\":\"polskaradapelletu\",\"image\":{\"@type\":\"ImageObject\",\"inLanguage\":\"ru-RU\",\"@id\":\"https:\/\/polskaradapelletu.org\/#\/schema\/person\/image\/\",\"url\":\"https:\/\/secure.gravatar.com\/avatar\/a68cd56ce9ec1bec9fa006c06b168404?s=96&d=mm&r=g\",\"contentUrl\":\"https:\/\/secure.gravatar.com\/avatar\/a68cd56ce9ec1bec9fa006c06b168404?s=96&d=mm&r=g\",\"caption\":\"polskaradapelletu\"},\"url\":\"http:\/\/polskaradapelletu.org\/ru\/author\/polskaradapelletu\/\"}]}<\/script>\n<!-- \/ Yoast SEO plugin. -->","yoast_head_json":{"title":"5. Konferencja Biomasa i paliwa alternatywne w ciep\u0142ownictwie 12-13 pa\u017adziernika - (Polski) Polska Rada Pelletu","robots":{"index":"index","follow":"follow","max-snippet":"max-snippet:-1","max-image-preview":"max-image-preview:large","max-video-preview":"max-video-preview:-1"},"canonical":"https:\/\/polskaradapelletu.org\/5-konferencja-biomasa-i-paliwa-alternatywne-w-cieplownictwie-12-13-pazdziernika\/","og_locale":"ru_RU","og_type":"article","og_title":"5. Konferencja Biomasa i paliwa alternatywne w ciep\u0142ownictwie 12-13 pa\u017adziernika - (Polski) Polska Rada Pelletu","og_description":"Dyrektorzy i kierownicy przedsi\u0119biorstw ciep\u0142owniczych i energetycznych, producenci biomasy i paliw alternatywnych, dostawcy technologii, eksperci oraz przedstawiciele stowarzysze\u0144 bran\u017cowych wezm\u0105 udzia\u0142 w 5. edycji konferencji Biomasa i paliwa alternatywne w ciep\u0142ownictwie, kt\u00f3ra rusza ju\u017c 12 pa\u017adziernika. Zarejestruj si\u0119 na konferencj\u0119 ju\u017c dzi\u015b! 5. Konferencja Biomasa i paliwa alternatywne w ciep\u0142ownictwie Krajowe ciep\u0142ownictwo potrzebuje nowej strategii, [&hellip;]","og_url":"https:\/\/polskaradapelletu.org\/5-konferencja-biomasa-i-paliwa-alternatywne-w-cieplownictwie-12-13-pazdziernika\/","og_site_name":"(Polski) Polska Rada Pelletu","article_published_time":"2023-10-04T14:54:16+00:00","article_modified_time":"2023-10-04T14:55:11+00:00","og_image":[{"width":800,"height":400,"url":"https:\/\/polskaradapelletu.org\/wp-content\/uploads\/2023\/10\/5_BwC_800_400_PL.jpg","type":"image\/jpeg"}],"author":"polskaradapelletu","twitter_card":"summary_large_image","twitter_misc":{"\u041d\u0430\u043f\u0438\u0441\u0430\u043d\u043e \u0430\u0432\u0442\u043e\u0440\u043e\u043c":"polskaradapelletu","\u041f\u0440\u0438\u043c\u0435\u0440\u043d\u043e\u0435 \u0432\u0440\u0435\u043c\u044f \u0434\u043b\u044f \u0447\u0442\u0435\u043d\u0438\u044f":"1 \u043c\u0438\u043d\u0443\u0442\u0430"},"schema":{"@context":"https:\/\/schema.org","@graph":[{"@type":"WebPage","@id":"https:\/\/polskaradapelletu.org\/5-konferencja-biomasa-i-paliwa-alternatywne-w-cieplownictwie-12-13-pazdziernika\/","url":"https:\/\/polskaradapelletu.org\/5-konferencja-biomasa-i-paliwa-alternatywne-w-cieplownictwie-12-13-pazdziernika\/","name":"5. Konferencja Biomasa i paliwa alternatywne w ciep\u0142ownictwie 12-13 pa\u017adziernika - (Polski) Polska Rada Pelletu","isPartOf":{"@id":"https:\/\/polskaradapelletu.org\/#website"},"primaryImageOfPage":{"@id":"https:\/\/polskaradapelletu.org\/5-konferencja-biomasa-i-paliwa-alternatywne-w-cieplownictwie-12-13-pazdziernika\/#primaryimage"},"image":{"@id":"https:\/\/polskaradapelletu.org\/5-konferencja-biomasa-i-paliwa-alternatywne-w-cieplownictwie-12-13-pazdziernika\/#primaryimage"},"thumbnailUrl":"http:\/\/polskaradapelletu.org\/wp-content\/uploads\/2023\/10\/5_BwC_800_400_PL.jpg","datePublished":"2023-10-04T14:54:16+00:00","dateModified":"2023-10-04T14:55:11+00:00","author":{"@id":"https:\/\/polskaradapelletu.org\/#\/schema\/person\/29e23b016091609a8e1bee8c19b2974d"},"breadcrumb":{"@id":"https:\/\/polskaradapelletu.org\/5-konferencja-biomasa-i-paliwa-alternatywne-w-cieplownictwie-12-13-pazdziernika\/#breadcrumb"},"inLanguage":"ru-RU","potentialAction":[{"@type":"ReadAction","target":["https:\/\/polskaradapelletu.org\/5-konferencja-biomasa-i-paliwa-alternatywne-w-cieplownictwie-12-13-pazdziernika\/"]}]},{"@type":"ImageObject","inLanguage":"ru-RU","@id":"https:\/\/polskaradapelletu.org\/5-konferencja-biomasa-i-paliwa-alternatywne-w-cieplownictwie-12-13-pazdziernika\/#primaryimage","url":"http:\/\/polskaradapelletu.org\/wp-content\/uploads\/2023\/10\/5_BwC_800_400_PL.jpg","contentUrl":"http:\/\/polskaradapelletu.org\/wp-content\/uploads\/2023\/10\/5_BwC_800_400_PL.jpg","width":800,"height":400},{"@type":"BreadcrumbList","@id":"https:\/\/polskaradapelletu.org\/5-konferencja-biomasa-i-paliwa-alternatywne-w-cieplownictwie-12-13-pazdziernika\/#breadcrumb","itemListElement":[{"@type":"ListItem","position":1,"name":"Strona g\u0142\u00f3wna","item":"https:\/\/polskaradapelletu.org\/"},{"@type":"ListItem","position":2,"name":"5. Konferencja Biomasa i paliwa alternatywne w ciep\u0142ownictwie 12-13 pa\u017adziernika"}]},{"@type":"WebSite","@id":"https:\/\/polskaradapelletu.org\/#website","url":"https:\/\/polskaradapelletu.org\/","name":"(Polski) Polska Rada Pelletu","description":"","potentialAction":[{"@type":"SearchAction","target":{"@type":"EntryPoint","urlTemplate":"https:\/\/polskaradapelletu.org\/?s={search_term_string}"},"query-input":{"@type":"PropertyValueSpecification","valueRequired":true,"valueName":"search_term_string"}}],"inLanguage":"ru-RU"},{"@type":"Person","@id":"https:\/\/polskaradapelletu.org\/#\/schema\/person\/29e23b016091609a8e1bee8c19b2974d","name":"polskaradapelletu","image":{"@type":"ImageObject","inLanguage":"ru-RU","@id":"https:\/\/polskaradapelletu.org\/#\/schema\/person\/image\/","url":"https:\/\/secure.gravatar.com\/avatar\/a68cd56ce9ec1bec9fa006c06b168404?s=96&d=mm&r=g","contentUrl":"https:\/\/secure.gravatar.com\/avatar\/a68cd56ce9ec1bec9fa006c06b168404?s=96&d=mm&r=g","caption":"polskaradapelletu"},"url":"http:\/\/polskaradapelletu.org\/ru\/author\/polskaradapelletu\/"}]}},"_links":{"self":[{"href":"http:\/\/polskaradapelletu.org\/ru\/wp-json\/wp\/v2\/posts\/3069","targetHints":{"allow":["GET"]}}],"collection":[{"href":"http:\/\/polskaradapelletu.org\/ru\/wp-json\/wp\/v2\/posts"}],"about":[{"href":"http:\/\/polskaradapelletu.org\/ru\/wp-json\/wp\/v2\/types\/post"}],"author":[{"embeddable":true,"href":"http:\/\/polskaradapelletu.org\/ru\/wp-json\/wp\/v2\/users\/1"}],"replies":[{"embeddable":true,"href":"http:\/\/polskaradapelletu.org\/ru\/wp-json\/wp\/v2\/comments?post=3069"}],"version-history":[{"count":3,"href":"http:\/\/polskaradapelletu.org\/ru\/wp-json\/wp\/v2\/posts\/3069\/revisions"}],"predecessor-version":[{"id":3075,"href":"http:\/\/polskaradapelletu.org\/ru\/wp-json\/wp\/v2\/posts\/3069\/revisions\/3075"}],"wp:featuredmedia":[{"embeddable":true,"href":"http:\/\/polskaradapelletu.org\/ru\/wp-json\/wp\/v2\/media\/3071"}],"wp:attachment":[{"href":"http:\/\/polskaradapelletu.org\/ru\/wp-json\/wp\/v2\/media?parent=3069"}],"wp:term":[{"taxonomy":"category","embeddable":true,"href":"http:\/\/polskaradapelletu.org\/ru\/wp-json\/wp\/v2\/categories?post=3069"},{"taxonomy":"post_tag","embeddable":true,"href":"http:\/\/polskaradapelletu.org\/ru\/wp-json\/wp\/v2\/tags?post=3069"}],"curies":[{"name":"wp","href":"https:\/\/api.w.org\/{rel}","templated":true}]}}