{"id":3058,"date":"2023-09-20T17:22:03","date_gmt":"2023-09-20T15:22:03","guid":{"rendered":"http:\/\/polskaradapelletu.org\/?p=3058"},"modified":"2023-11-07T19:54:25","modified_gmt":"2023-11-07T18:54:25","slug":"polska-rada-pelletu-na-x-kongresie-przemyslu-drzewnego-koopdrew-2023-2","status":"publish","type":"post","link":"http:\/\/polskaradapelletu.org\/ru\/polska-rada-pelletu-na-x-kongresie-przemyslu-drzewnego-koopdrew-2023-2\/","title":{"rendered":"Polska Rada Pelletu na Targach DREMA 2023 !"},"content":{"rendered":"<blockquote class=\"wp-block-quote is-layout-flow wp-block-quote-is-layout-flow\"><p>Targi DREMA to najwa\u017cniejsze i najbardziej wyczekiwane spotkanie bran\u017cy drzewnej i meblarskiej w Polsce i Europie \u015arodkowowschodniej.<\/p><\/blockquote>\r\n\r\n\r\n\r\n<p>Przez cztery dni na terenie Mi\u0119dzynarodowych Targ\u00f3w Pozna\u0144skich prezentowane by\u0142y nowo\u015bci z bran\u017cy obr\u00f3bki drewna, innowacje sprz\u0119towe oraz premiery rynkowe, jak r\u00f3wnie\u017c rozwi\u0105zania, kt\u00f3re wyznacza\u0107 b\u0119d\u0105 trendy na kolejne lata. <\/p>\r\n\r\n\r\n\r\n<p>Mo\u017cna by\u0142o nas spotka\u0107 przy Strefie Czystego Powietrza razem z Magazynem Biomasa.  Swoje stoisko na targach mia\u0142 r\u00f3wnie\u017c<strong> Cz\u0142onek Wspieraj\u0105cy<\/strong> Polskiej Rady Pelletu firma <strong>TechnoMaszBud.pl Sp. z o.o. <\/strong><\/p>\r\n\r\n\r\n\r\n<figure class=\"wp-block-gallery aligncenter columns-3 is-cropped wp-block-gallery-5 is-layout-flex wp-block-gallery-is-layout-flex\"><ul class=\"blocks-gallery-grid\"><li class=\"blocks-gallery-item\"><figure><img loading=\"lazy\" decoding=\"async\" width=\"773\" height=\"1030\" src=\"http:\/\/polskaradapelletu.org\/wp-content\/uploads\/2023\/09\/377551764_792496429552442_4675234555643354442_n-773x1030.jpg\" alt=\"\" data-id=\"3061\" data-link=\"http:\/\/polskaradapelletu.org\/?attachment_id=3061\" class=\"wp-image-3061\" srcset=\"http:\/\/polskaradapelletu.org\/wp-content\/uploads\/2023\/09\/377551764_792496429552442_4675234555643354442_n-773x1030.jpg 773w, http:\/\/polskaradapelletu.org\/wp-content\/uploads\/2023\/09\/377551764_792496429552442_4675234555643354442_n-225x300.jpg 225w, http:\/\/polskaradapelletu.org\/wp-content\/uploads\/2023\/09\/377551764_792496429552442_4675234555643354442_n-768x1024.jpg 768w, http:\/\/polskaradapelletu.org\/wp-content\/uploads\/2023\/09\/377551764_792496429552442_4675234555643354442_n-1152x1536.jpg 1152w, http:\/\/polskaradapelletu.org\/wp-content\/uploads\/2023\/09\/377551764_792496429552442_4675234555643354442_n-1125x1500.jpg 1125w, http:\/\/polskaradapelletu.org\/wp-content\/uploads\/2023\/09\/377551764_792496429552442_4675234555643354442_n-529x705.jpg 529w, http:\/\/polskaradapelletu.org\/wp-content\/uploads\/2023\/09\/377551764_792496429552442_4675234555643354442_n-450x600.jpg 450w, http:\/\/polskaradapelletu.org\/wp-content\/uploads\/2023\/09\/377551764_792496429552442_4675234555643354442_n.jpg 1536w\" sizes=\"auto, (max-width: 773px) 100vw, 773px\" \/><\/figure><\/li><li class=\"blocks-gallery-item\"><figure><img loading=\"lazy\" decoding=\"async\" width=\"773\" height=\"1030\" src=\"http:\/\/polskaradapelletu.org\/wp-content\/uploads\/2023\/09\/IMG_9146-773x1030.jpg\" alt=\"\" data-id=\"3062\" data-link=\"http:\/\/polskaradapelletu.org\/?attachment_id=3062\" class=\"wp-image-3062\" srcset=\"http:\/\/polskaradapelletu.org\/wp-content\/uploads\/2023\/09\/IMG_9146-773x1030.jpg 773w, http:\/\/polskaradapelletu.org\/wp-content\/uploads\/2023\/09\/IMG_9146-225x300.jpg 225w, http:\/\/polskaradapelletu.org\/wp-content\/uploads\/2023\/09\/IMG_9146-768x1024.jpg 768w, http:\/\/polskaradapelletu.org\/wp-content\/uploads\/2023\/09\/IMG_9146-1152x1536.jpg 1152w, http:\/\/polskaradapelletu.org\/wp-content\/uploads\/2023\/09\/IMG_9146-1536x2048.jpg 1536w, http:\/\/polskaradapelletu.org\/wp-content\/uploads\/2023\/09\/IMG_9146-1125x1500.jpg 1125w, http:\/\/polskaradapelletu.org\/wp-content\/uploads\/2023\/09\/IMG_9146-529x705.jpg 529w, http:\/\/polskaradapelletu.org\/wp-content\/uploads\/2023\/09\/IMG_9146-450x600.jpg 450w, http:\/\/polskaradapelletu.org\/wp-content\/uploads\/2023\/09\/IMG_9146-scaled.jpg 1920w\" sizes=\"auto, (max-width: 773px) 100vw, 773px\" \/><\/figure><\/li><li class=\"blocks-gallery-item\"><figure><img loading=\"lazy\" decoding=\"async\" width=\"1030\" height=\"773\" src=\"http:\/\/polskaradapelletu.org\/wp-content\/uploads\/2023\/09\/IMG_9154-1030x773.jpg\" alt=\"\" data-id=\"3063\" data-full-url=\"http:\/\/polskaradapelletu.org\/wp-content\/uploads\/2023\/09\/IMG_9154-scaled.jpg\" data-link=\"http:\/\/polskaradapelletu.org\/?attachment_id=3063\" class=\"wp-image-3063\" srcset=\"http:\/\/polskaradapelletu.org\/wp-content\/uploads\/2023\/09\/IMG_9154-1030x773.jpg 1030w, http:\/\/polskaradapelletu.org\/wp-content\/uploads\/2023\/09\/IMG_9154-300x225.jpg 300w, http:\/\/polskaradapelletu.org\/wp-content\/uploads\/2023\/09\/IMG_9154-768x576.jpg 768w, http:\/\/polskaradapelletu.org\/wp-content\/uploads\/2023\/09\/IMG_9154-1536x1152.jpg 1536w, http:\/\/polskaradapelletu.org\/wp-content\/uploads\/2023\/09\/IMG_9154-2048x1536.jpg 2048w, http:\/\/polskaradapelletu.org\/wp-content\/uploads\/2023\/09\/IMG_9154-1500x1125.jpg 1500w, http:\/\/polskaradapelletu.org\/wp-content\/uploads\/2023\/09\/IMG_9154-705x529.jpg 705w, http:\/\/polskaradapelletu.org\/wp-content\/uploads\/2023\/09\/IMG_9154-450x338.jpg 450w\" sizes=\"auto, (max-width: 1030px) 100vw, 1030px\" \/><\/figure><\/li><\/ul><\/figure>\r\n\r\n\r\n\r\n<div class=\"wp-block-group\"><div class=\"wp-block-group__inner-container is-layout-flow wp-block-group-is-layout-flow\">\r\n<div class=\"wp-block-group\"><div class=\"wp-block-group__inner-container is-layout-flow wp-block-group-is-layout-flow\">\r\n<figure class=\"wp-block-gallery columns-0 is-cropped wp-block-gallery-6 is-layout-flex wp-block-gallery-is-layout-flex\"><ul class=\"blocks-gallery-grid\"><\/ul><\/figure>\r\n<\/div><\/div>\r\n<\/div><\/div>","protected":false},"excerpt":{"rendered":"<p>Targi DREMA to najwa\u017cniejsze i najbardziej wyczekiwane spotkanie bran\u017cy drzewnej i meblarskiej w Polsce i Europie \u015arodkowowschodniej. Przez cztery dni na terenie Mi\u0119dzynarodowych Targ\u00f3w Pozna\u0144skich prezentowane by\u0142y nowo\u015bci z bran\u017cy obr\u00f3bki drewna, innowacje sprz\u0119towe oraz premiery rynkowe, jak r\u00f3wnie\u017c rozwi\u0105zania, kt\u00f3re wyznacza\u0107 b\u0119d\u0105 trendy na kolejne lata. Mo\u017cna by\u0142o nas spotka\u0107 przy Strefie Czystego Powietrza [&hellip;]<\/p>\n","protected":false},"author":1,"featured_media":3067,"comment_status":"closed","ping_status":"closed","sticky":false,"template":"","format":"standard","meta":{"_acf_changed":false,"_exactmetrics_skip_tracking":false,"_exactmetrics_sitenote_active":false,"_exactmetrics_sitenote_note":"","_exactmetrics_sitenote_category":0,"footnotes":""},"categories":[1],"tags":[],"class_list":["post-3058","post","type-post","status-publish","format-standard","has-post-thumbnail","hentry","category-1"],"acf":[],"yoast_head":"<!-- This site is optimized with the Yoast SEO plugin v24.3 - https:\/\/yoast.com\/wordpress\/plugins\/seo\/ -->\n<title>Polska Rada Pelletu na Targach DREMA 2023 ! - (Polski) Polska Rada Pelletu<\/title>\n<meta name=\"robots\" content=\"index, follow, max-snippet:-1, max-image-preview:large, max-video-preview:-1\" \/>\n<link rel=\"canonical\" href=\"http:\/\/polskaradapelletu.org\/polska-rada-pelletu-na-x-kongresie-przemyslu-drzewnego-koopdrew-2023-2\/\" \/>\n<meta property=\"og:locale\" content=\"ru_RU\" \/>\n<meta property=\"og:type\" content=\"article\" \/>\n<meta property=\"og:title\" content=\"Polska Rada Pelletu na Targach DREMA 2023 ! - (Polski) Polska Rada Pelletu\" \/>\n<meta property=\"og:description\" content=\"Targi DREMA to najwa\u017cniejsze i najbardziej wyczekiwane spotkanie bran\u017cy drzewnej i meblarskiej w Polsce i Europie \u015arodkowowschodniej. Przez cztery dni na terenie Mi\u0119dzynarodowych Targ\u00f3w Pozna\u0144skich prezentowane by\u0142y nowo\u015bci z bran\u017cy obr\u00f3bki drewna, innowacje sprz\u0119towe oraz premiery rynkowe, jak r\u00f3wnie\u017c rozwi\u0105zania, kt\u00f3re wyznacza\u0107 b\u0119d\u0105 trendy na kolejne lata. Mo\u017cna by\u0142o nas spotka\u0107 przy Strefie Czystego Powietrza [&hellip;]\" \/>\n<meta property=\"og:url\" content=\"http:\/\/polskaradapelletu.org\/polska-rada-pelletu-na-x-kongresie-przemyslu-drzewnego-koopdrew-2023-2\/\" \/>\n<meta property=\"og:site_name\" content=\"(Polski) Polska Rada Pelletu\" \/>\n<meta property=\"article:published_time\" content=\"2023-09-20T15:22:03+00:00\" \/>\n<meta property=\"article:modified_time\" content=\"2023-11-07T18:54:25+00:00\" \/>\n<meta property=\"og:image\" content=\"http:\/\/polskaradapelletu.org\/wp-content\/uploads\/2023\/09\/DREMA-LOGO.png\" \/>\n\t<meta property=\"og:image:width\" content=\"209\" \/>\n\t<meta property=\"og:image:height\" content=\"53\" \/>\n\t<meta property=\"og:image:type\" content=\"image\/png\" \/>\n<meta name=\"author\" content=\"polskaradapelletu\" \/>\n<meta name=\"twitter:card\" content=\"summary_large_image\" \/>\n<meta name=\"twitter:label1\" content=\"\u041d\u0430\u043f\u0438\u0441\u0430\u043d\u043e \u0430\u0432\u0442\u043e\u0440\u043e\u043c\" \/>\n\t<meta name=\"twitter:data1\" content=\"polskaradapelletu\" \/>\n\t<meta name=\"twitter:label2\" content=\"\u041f\u0440\u0438\u043c\u0435\u0440\u043d\u043e\u0435 \u0432\u0440\u0435\u043c\u044f \u0434\u043b\u044f \u0447\u0442\u0435\u043d\u0438\u044f\" \/>\n\t<meta name=\"twitter:data2\" content=\"1 \u043c\u0438\u043d\u0443\u0442\u0430\" \/>\n<script type=\"application\/ld+json\" class=\"yoast-schema-graph\">{\"@context\":\"https:\/\/schema.org\",\"@graph\":[{\"@type\":\"WebPage\",\"@id\":\"http:\/\/polskaradapelletu.org\/polska-rada-pelletu-na-x-kongresie-przemyslu-drzewnego-koopdrew-2023-2\/\",\"url\":\"http:\/\/polskaradapelletu.org\/polska-rada-pelletu-na-x-kongresie-przemyslu-drzewnego-koopdrew-2023-2\/\",\"name\":\"Polska Rada Pelletu na Targach DREMA 2023 ! - (Polski) Polska Rada Pelletu\",\"isPartOf\":{\"@id\":\"https:\/\/polskaradapelletu.org\/#website\"},\"primaryImageOfPage\":{\"@id\":\"http:\/\/polskaradapelletu.org\/polska-rada-pelletu-na-x-kongresie-przemyslu-drzewnego-koopdrew-2023-2\/#primaryimage\"},\"image\":{\"@id\":\"http:\/\/polskaradapelletu.org\/polska-rada-pelletu-na-x-kongresie-przemyslu-drzewnego-koopdrew-2023-2\/#primaryimage\"},\"thumbnailUrl\":\"http:\/\/polskaradapelletu.org\/wp-content\/uploads\/2023\/09\/DREMA-LOGO.png\",\"datePublished\":\"2023-09-20T15:22:03+00:00\",\"dateModified\":\"2023-11-07T18:54:25+00:00\",\"author\":{\"@id\":\"https:\/\/polskaradapelletu.org\/#\/schema\/person\/29e23b016091609a8e1bee8c19b2974d\"},\"breadcrumb\":{\"@id\":\"http:\/\/polskaradapelletu.org\/polska-rada-pelletu-na-x-kongresie-przemyslu-drzewnego-koopdrew-2023-2\/#breadcrumb\"},\"inLanguage\":\"ru-RU\",\"potentialAction\":[{\"@type\":\"ReadAction\",\"target\":[\"http:\/\/polskaradapelletu.org\/polska-rada-pelletu-na-x-kongresie-przemyslu-drzewnego-koopdrew-2023-2\/\"]}]},{\"@type\":\"ImageObject\",\"inLanguage\":\"ru-RU\",\"@id\":\"http:\/\/polskaradapelletu.org\/polska-rada-pelletu-na-x-kongresie-przemyslu-drzewnego-koopdrew-2023-2\/#primaryimage\",\"url\":\"http:\/\/polskaradapelletu.org\/wp-content\/uploads\/2023\/09\/DREMA-LOGO.png\",\"contentUrl\":\"http:\/\/polskaradapelletu.org\/wp-content\/uploads\/2023\/09\/DREMA-LOGO.png\",\"width\":209,\"height\":53},{\"@type\":\"BreadcrumbList\",\"@id\":\"http:\/\/polskaradapelletu.org\/polska-rada-pelletu-na-x-kongresie-przemyslu-drzewnego-koopdrew-2023-2\/#breadcrumb\",\"itemListElement\":[{\"@type\":\"ListItem\",\"position\":1,\"name\":\"Strona g\u0142\u00f3wna\",\"item\":\"https:\/\/polskaradapelletu.org\/\"},{\"@type\":\"ListItem\",\"position\":2,\"name\":\"Polska Rada Pelletu na Targach DREMA 2023 !\"}]},{\"@type\":\"WebSite\",\"@id\":\"https:\/\/polskaradapelletu.org\/#website\",\"url\":\"https:\/\/polskaradapelletu.org\/\",\"name\":\"(Polski) Polska Rada Pelletu\",\"description\":\"\",\"potentialAction\":[{\"@type\":\"SearchAction\",\"target\":{\"@type\":\"EntryPoint\",\"urlTemplate\":\"https:\/\/polskaradapelletu.org\/?s={search_term_string}\"},\"query-input\":{\"@type\":\"PropertyValueSpecification\",\"valueRequired\":true,\"valueName\":\"search_term_string\"}}],\"inLanguage\":\"ru-RU\"},{\"@type\":\"Person\",\"@id\":\"https:\/\/polskaradapelletu.org\/#\/schema\/person\/29e23b016091609a8e1bee8c19b2974d\",\"name\":\"polskaradapelletu\",\"image\":{\"@type\":\"ImageObject\",\"inLanguage\":\"ru-RU\",\"@id\":\"https:\/\/polskaradapelletu.org\/#\/schema\/person\/image\/\",\"url\":\"https:\/\/secure.gravatar.com\/avatar\/a68cd56ce9ec1bec9fa006c06b168404?s=96&d=mm&r=g\",\"contentUrl\":\"https:\/\/secure.gravatar.com\/avatar\/a68cd56ce9ec1bec9fa006c06b168404?s=96&d=mm&r=g\",\"caption\":\"polskaradapelletu\"},\"url\":\"http:\/\/polskaradapelletu.org\/ru\/author\/polskaradapelletu\/\"}]}<\/script>\n<!-- \/ Yoast SEO plugin. -->","yoast_head_json":{"title":"Polska Rada Pelletu na Targach DREMA 2023 ! - (Polski) Polska Rada Pelletu","robots":{"index":"index","follow":"follow","max-snippet":"max-snippet:-1","max-image-preview":"max-image-preview:large","max-video-preview":"max-video-preview:-1"},"canonical":"http:\/\/polskaradapelletu.org\/polska-rada-pelletu-na-x-kongresie-przemyslu-drzewnego-koopdrew-2023-2\/","og_locale":"ru_RU","og_type":"article","og_title":"Polska Rada Pelletu na Targach DREMA 2023 ! - (Polski) Polska Rada Pelletu","og_description":"Targi DREMA to najwa\u017cniejsze i najbardziej wyczekiwane spotkanie bran\u017cy drzewnej i meblarskiej w Polsce i Europie \u015arodkowowschodniej. Przez cztery dni na terenie Mi\u0119dzynarodowych Targ\u00f3w Pozna\u0144skich prezentowane by\u0142y nowo\u015bci z bran\u017cy obr\u00f3bki drewna, innowacje sprz\u0119towe oraz premiery rynkowe, jak r\u00f3wnie\u017c rozwi\u0105zania, kt\u00f3re wyznacza\u0107 b\u0119d\u0105 trendy na kolejne lata. Mo\u017cna by\u0142o nas spotka\u0107 przy Strefie Czystego Powietrza [&hellip;]","og_url":"http:\/\/polskaradapelletu.org\/polska-rada-pelletu-na-x-kongresie-przemyslu-drzewnego-koopdrew-2023-2\/","og_site_name":"(Polski) Polska Rada Pelletu","article_published_time":"2023-09-20T15:22:03+00:00","article_modified_time":"2023-11-07T18:54:25+00:00","og_image":[{"width":209,"height":53,"url":"http:\/\/polskaradapelletu.org\/wp-content\/uploads\/2023\/09\/DREMA-LOGO.png","type":"image\/png"}],"author":"polskaradapelletu","twitter_card":"summary_large_image","twitter_misc":{"\u041d\u0430\u043f\u0438\u0441\u0430\u043d\u043e \u0430\u0432\u0442\u043e\u0440\u043e\u043c":"polskaradapelletu","\u041f\u0440\u0438\u043c\u0435\u0440\u043d\u043e\u0435 \u0432\u0440\u0435\u043c\u044f \u0434\u043b\u044f \u0447\u0442\u0435\u043d\u0438\u044f":"1 \u043c\u0438\u043d\u0443\u0442\u0430"},"schema":{"@context":"https:\/\/schema.org","@graph":[{"@type":"WebPage","@id":"http:\/\/polskaradapelletu.org\/polska-rada-pelletu-na-x-kongresie-przemyslu-drzewnego-koopdrew-2023-2\/","url":"http:\/\/polskaradapelletu.org\/polska-rada-pelletu-na-x-kongresie-przemyslu-drzewnego-koopdrew-2023-2\/","name":"Polska Rada Pelletu na Targach DREMA 2023 ! - (Polski) Polska Rada Pelletu","isPartOf":{"@id":"https:\/\/polskaradapelletu.org\/#website"},"primaryImageOfPage":{"@id":"http:\/\/polskaradapelletu.org\/polska-rada-pelletu-na-x-kongresie-przemyslu-drzewnego-koopdrew-2023-2\/#primaryimage"},"image":{"@id":"http:\/\/polskaradapelletu.org\/polska-rada-pelletu-na-x-kongresie-przemyslu-drzewnego-koopdrew-2023-2\/#primaryimage"},"thumbnailUrl":"http:\/\/polskaradapelletu.org\/wp-content\/uploads\/2023\/09\/DREMA-LOGO.png","datePublished":"2023-09-20T15:22:03+00:00","dateModified":"2023-11-07T18:54:25+00:00","author":{"@id":"https:\/\/polskaradapelletu.org\/#\/schema\/person\/29e23b016091609a8e1bee8c19b2974d"},"breadcrumb":{"@id":"http:\/\/polskaradapelletu.org\/polska-rada-pelletu-na-x-kongresie-przemyslu-drzewnego-koopdrew-2023-2\/#breadcrumb"},"inLanguage":"ru-RU","potentialAction":[{"@type":"ReadAction","target":["http:\/\/polskaradapelletu.org\/polska-rada-pelletu-na-x-kongresie-przemyslu-drzewnego-koopdrew-2023-2\/"]}]},{"@type":"ImageObject","inLanguage":"ru-RU","@id":"http:\/\/polskaradapelletu.org\/polska-rada-pelletu-na-x-kongresie-przemyslu-drzewnego-koopdrew-2023-2\/#primaryimage","url":"http:\/\/polskaradapelletu.org\/wp-content\/uploads\/2023\/09\/DREMA-LOGO.png","contentUrl":"http:\/\/polskaradapelletu.org\/wp-content\/uploads\/2023\/09\/DREMA-LOGO.png","width":209,"height":53},{"@type":"BreadcrumbList","@id":"http:\/\/polskaradapelletu.org\/polska-rada-pelletu-na-x-kongresie-przemyslu-drzewnego-koopdrew-2023-2\/#breadcrumb","itemListElement":[{"@type":"ListItem","position":1,"name":"Strona g\u0142\u00f3wna","item":"https:\/\/polskaradapelletu.org\/"},{"@type":"ListItem","position":2,"name":"Polska Rada Pelletu na Targach DREMA 2023 !"}]},{"@type":"WebSite","@id":"https:\/\/polskaradapelletu.org\/#website","url":"https:\/\/polskaradapelletu.org\/","name":"(Polski) Polska Rada Pelletu","description":"","potentialAction":[{"@type":"SearchAction","target":{"@type":"EntryPoint","urlTemplate":"https:\/\/polskaradapelletu.org\/?s={search_term_string}"},"query-input":{"@type":"PropertyValueSpecification","valueRequired":true,"valueName":"search_term_string"}}],"inLanguage":"ru-RU"},{"@type":"Person","@id":"https:\/\/polskaradapelletu.org\/#\/schema\/person\/29e23b016091609a8e1bee8c19b2974d","name":"polskaradapelletu","image":{"@type":"ImageObject","inLanguage":"ru-RU","@id":"https:\/\/polskaradapelletu.org\/#\/schema\/person\/image\/","url":"https:\/\/secure.gravatar.com\/avatar\/a68cd56ce9ec1bec9fa006c06b168404?s=96&d=mm&r=g","contentUrl":"https:\/\/secure.gravatar.com\/avatar\/a68cd56ce9ec1bec9fa006c06b168404?s=96&d=mm&r=g","caption":"polskaradapelletu"},"url":"http:\/\/polskaradapelletu.org\/ru\/author\/polskaradapelletu\/"}]}},"_links":{"self":[{"href":"http:\/\/polskaradapelletu.org\/ru\/wp-json\/wp\/v2\/posts\/3058","targetHints":{"allow":["GET"]}}],"collection":[{"href":"http:\/\/polskaradapelletu.org\/ru\/wp-json\/wp\/v2\/posts"}],"about":[{"href":"http:\/\/polskaradapelletu.org\/ru\/wp-json\/wp\/v2\/types\/post"}],"author":[{"embeddable":true,"href":"http:\/\/polskaradapelletu.org\/ru\/wp-json\/wp\/v2\/users\/1"}],"replies":[{"embeddable":true,"href":"http:\/\/polskaradapelletu.org\/ru\/wp-json\/wp\/v2\/comments?post=3058"}],"version-history":[{"count":5,"href":"http:\/\/polskaradapelletu.org\/ru\/wp-json\/wp\/v2\/posts\/3058\/revisions"}],"predecessor-version":[{"id":3130,"href":"http:\/\/polskaradapelletu.org\/ru\/wp-json\/wp\/v2\/posts\/3058\/revisions\/3130"}],"wp:featuredmedia":[{"embeddable":true,"href":"http:\/\/polskaradapelletu.org\/ru\/wp-json\/wp\/v2\/media\/3067"}],"wp:attachment":[{"href":"http:\/\/polskaradapelletu.org\/ru\/wp-json\/wp\/v2\/media?parent=3058"}],"wp:term":[{"taxonomy":"category","embeddable":true,"href":"http:\/\/polskaradapelletu.org\/ru\/wp-json\/wp\/v2\/categories?post=3058"},{"taxonomy":"post_tag","embeddable":true,"href":"http:\/\/polskaradapelletu.org\/ru\/wp-json\/wp\/v2\/tags?post=3058"}],"curies":[{"name":"wp","href":"https:\/\/api.w.org\/{rel}","templated":true}]}}