{"id":2892,"date":"2023-03-02T20:43:44","date_gmt":"2023-03-02T19:43:44","guid":{"rendered":"http:\/\/polskaradapelletu.org\/?p=2892"},"modified":"2023-03-02T20:45:50","modified_gmt":"2023-03-02T19:45:50","slug":"european-pellet-conference-austria-2023","status":"publish","type":"post","link":"http:\/\/polskaradapelletu.org\/ru\/european-pellet-conference-austria-2023\/","title":{"rendered":"European Pellet Conference &#8212; Austria 2023"},"content":{"rendered":"\n<p>Za nami European Pellet Conference &#8212; jedna z najwi\u0119kszych na \u015bwiecie corocznych imprez pelletowych na \u015bwiecie. Podczas konferencji, w imieniu Polskiej Rady Pelletu swoj\u0105 prelekcje nt powszechnych paliw na rynku polskim w cieniu wojny na Ukrainiec poprowadzil Adam Sarnaszek &#8212; Prezes Polskiej Rady Pelletu. W kolejnych dniach odb\u0119dzie si\u0119 Walne Zebranie EPC oraz Bioenergy Europe w kt\u00f3rym r\u00f3wnie\u017c Polska Rada Pelletu jako cz\u0142onek bierze czynny udzia\u0142. <\/p>\n\n\n\n<div class=\"wp-block-group is-layout-flow wp-block-group-is-layout-flow\"><div class=\"wp-block-group__inner-container\"><\/div><\/div>\n\n\n\n<figure class=\"wp-block-gallery aligncenter columns-1 is-cropped wp-block-gallery-1 is-layout-flex wp-block-gallery-is-layout-flex\"><ul class=\"blocks-gallery-grid\"><li class=\"blocks-gallery-item\"><figure><img loading=\"lazy\" decoding=\"async\" width=\"1024\" height=\"768\" src=\"http:\/\/polskaradapelletu.org\/wp-content\/uploads\/2023\/03\/334521830_742933263904574_2992867472984490411_n.jpg\" alt=\"\" data-id=\"2893\" data-full-url=\"http:\/\/polskaradapelletu.org\/wp-content\/uploads\/2023\/03\/334521830_742933263904574_2992867472984490411_n.jpg\" data-link=\"http:\/\/polskaradapelletu.org\/?attachment_id=2893\" class=\"wp-image-2893\" srcset=\"http:\/\/polskaradapelletu.org\/wp-content\/uploads\/2023\/03\/334521830_742933263904574_2992867472984490411_n.jpg 1024w, http:\/\/polskaradapelletu.org\/wp-content\/uploads\/2023\/03\/334521830_742933263904574_2992867472984490411_n-300x225.jpg 300w, http:\/\/polskaradapelletu.org\/wp-content\/uploads\/2023\/03\/334521830_742933263904574_2992867472984490411_n-768x576.jpg 768w, http:\/\/polskaradapelletu.org\/wp-content\/uploads\/2023\/03\/334521830_742933263904574_2992867472984490411_n-705x529.jpg 705w, http:\/\/polskaradapelletu.org\/wp-content\/uploads\/2023\/03\/334521830_742933263904574_2992867472984490411_n-450x338.jpg 450w\" sizes=\"auto, (max-width: 1024px) 100vw, 1024px\" \/><\/figure><\/li><\/ul><\/figure>\n","protected":false},"excerpt":{"rendered":"<p>Za nami European Pellet Conference &#8212; jedna z najwi\u0119kszych na \u015bwiecie corocznych imprez pelletowych na \u015bwiecie. Podczas konferencji, w imieniu Polskiej Rady Pelletu swoj\u0105 prelekcje nt powszechnych paliw na rynku polskim w cieniu wojny na Ukrainiec poprowadzil Adam Sarnaszek &#8212; Prezes Polskiej Rady Pelletu. W kolejnych dniach odb\u0119dzie si\u0119 Walne Zebranie EPC oraz Bioenergy Europe [&hellip;]<\/p>\n","protected":false},"author":1,"featured_media":2895,"comment_status":"closed","ping_status":"closed","sticky":false,"template":"","format":"standard","meta":{"_acf_changed":false,"_exactmetrics_skip_tracking":false,"_exactmetrics_sitenote_active":false,"_exactmetrics_sitenote_note":"","_exactmetrics_sitenote_category":0,"footnotes":""},"categories":[1],"tags":[],"class_list":["post-2892","post","type-post","status-publish","format-standard","has-post-thumbnail","hentry","category-1"],"acf":[],"yoast_head":"<!-- This site is optimized with the Yoast SEO plugin v24.3 - https:\/\/yoast.com\/wordpress\/plugins\/seo\/ -->\n<title>European Pellet Conference - Austria 2023 - (Polski) Polska Rada Pelletu<\/title>\n<meta name=\"robots\" content=\"index, follow, max-snippet:-1, max-image-preview:large, max-video-preview:-1\" \/>\n<link rel=\"canonical\" href=\"http:\/\/polskaradapelletu.org\/european-pellet-conference-austria-2023\/\" \/>\n<meta property=\"og:locale\" content=\"ru_RU\" \/>\n<meta property=\"og:type\" content=\"article\" \/>\n<meta property=\"og:title\" content=\"European Pellet Conference - Austria 2023 - (Polski) Polska Rada Pelletu\" \/>\n<meta property=\"og:description\" content=\"Za nami European Pellet Conference &#8212; jedna z najwi\u0119kszych na \u015bwiecie corocznych imprez pelletowych na \u015bwiecie. Podczas konferencji, w imieniu Polskiej Rady Pelletu swoj\u0105 prelekcje nt powszechnych paliw na rynku polskim w cieniu wojny na Ukrainiec poprowadzil Adam Sarnaszek &#8212; Prezes Polskiej Rady Pelletu. W kolejnych dniach odb\u0119dzie si\u0119 Walne Zebranie EPC oraz Bioenergy Europe [&hellip;]\" \/>\n<meta property=\"og:url\" content=\"http:\/\/polskaradapelletu.org\/european-pellet-conference-austria-2023\/\" \/>\n<meta property=\"og:site_name\" content=\"(Polski) Polska Rada Pelletu\" \/>\n<meta property=\"article:published_time\" content=\"2023-03-02T19:43:44+00:00\" \/>\n<meta property=\"article:modified_time\" content=\"2023-03-02T19:45:50+00:00\" \/>\n<meta property=\"og:image\" content=\"http:\/\/polskaradapelletu.org\/wp-content\/uploads\/2023\/03\/european-pellet-confgerence-2023.png\" \/>\n\t<meta property=\"og:image:width\" content=\"493\" \/>\n\t<meta property=\"og:image:height\" content=\"70\" \/>\n\t<meta property=\"og:image:type\" content=\"image\/png\" \/>\n<meta name=\"author\" content=\"polskaradapelletu\" \/>\n<meta name=\"twitter:card\" content=\"summary_large_image\" \/>\n<meta name=\"twitter:label1\" content=\"\u041d\u0430\u043f\u0438\u0441\u0430\u043d\u043e \u0430\u0432\u0442\u043e\u0440\u043e\u043c\" \/>\n\t<meta name=\"twitter:data1\" content=\"polskaradapelletu\" \/>\n<script type=\"application\/ld+json\" class=\"yoast-schema-graph\">{\"@context\":\"https:\/\/schema.org\",\"@graph\":[{\"@type\":\"WebPage\",\"@id\":\"http:\/\/polskaradapelletu.org\/european-pellet-conference-austria-2023\/\",\"url\":\"http:\/\/polskaradapelletu.org\/european-pellet-conference-austria-2023\/\",\"name\":\"European Pellet Conference - Austria 2023 - (Polski) Polska Rada Pelletu\",\"isPartOf\":{\"@id\":\"https:\/\/polskaradapelletu.org\/ru\/#website\"},\"primaryImageOfPage\":{\"@id\":\"http:\/\/polskaradapelletu.org\/european-pellet-conference-austria-2023\/#primaryimage\"},\"image\":{\"@id\":\"http:\/\/polskaradapelletu.org\/european-pellet-conference-austria-2023\/#primaryimage\"},\"thumbnailUrl\":\"http:\/\/polskaradapelletu.org\/wp-content\/uploads\/2023\/03\/european-pellet-confgerence-2023.png\",\"datePublished\":\"2023-03-02T19:43:44+00:00\",\"dateModified\":\"2023-03-02T19:45:50+00:00\",\"author\":{\"@id\":\"https:\/\/polskaradapelletu.org\/ru\/#\/schema\/person\/29e23b016091609a8e1bee8c19b2974d\"},\"breadcrumb\":{\"@id\":\"http:\/\/polskaradapelletu.org\/european-pellet-conference-austria-2023\/#breadcrumb\"},\"inLanguage\":\"ru-RU\",\"potentialAction\":[{\"@type\":\"ReadAction\",\"target\":[\"http:\/\/polskaradapelletu.org\/european-pellet-conference-austria-2023\/\"]}]},{\"@type\":\"ImageObject\",\"inLanguage\":\"ru-RU\",\"@id\":\"http:\/\/polskaradapelletu.org\/european-pellet-conference-austria-2023\/#primaryimage\",\"url\":\"http:\/\/polskaradapelletu.org\/wp-content\/uploads\/2023\/03\/european-pellet-confgerence-2023.png\",\"contentUrl\":\"http:\/\/polskaradapelletu.org\/wp-content\/uploads\/2023\/03\/european-pellet-confgerence-2023.png\",\"width\":493,\"height\":70},{\"@type\":\"BreadcrumbList\",\"@id\":\"http:\/\/polskaradapelletu.org\/european-pellet-conference-austria-2023\/#breadcrumb\",\"itemListElement\":[{\"@type\":\"ListItem\",\"position\":1,\"name\":\"Strona g\u0142\u00f3wna\",\"item\":\"https:\/\/polskaradapelletu.org\/ru\/\"},{\"@type\":\"ListItem\",\"position\":2,\"name\":\"European Pellet Conference &#8211; Austria 2023\"}]},{\"@type\":\"WebSite\",\"@id\":\"https:\/\/polskaradapelletu.org\/ru\/#website\",\"url\":\"https:\/\/polskaradapelletu.org\/ru\/\",\"name\":\"(Polski) Polska Rada Pelletu\",\"description\":\"\",\"potentialAction\":[{\"@type\":\"SearchAction\",\"target\":{\"@type\":\"EntryPoint\",\"urlTemplate\":\"https:\/\/polskaradapelletu.org\/ru\/?s={search_term_string}\"},\"query-input\":{\"@type\":\"PropertyValueSpecification\",\"valueRequired\":true,\"valueName\":\"search_term_string\"}}],\"inLanguage\":\"ru-RU\"},{\"@type\":\"Person\",\"@id\":\"https:\/\/polskaradapelletu.org\/ru\/#\/schema\/person\/29e23b016091609a8e1bee8c19b2974d\",\"name\":\"polskaradapelletu\",\"image\":{\"@type\":\"ImageObject\",\"inLanguage\":\"ru-RU\",\"@id\":\"https:\/\/polskaradapelletu.org\/ru\/#\/schema\/person\/image\/\",\"url\":\"https:\/\/secure.gravatar.com\/avatar\/a68cd56ce9ec1bec9fa006c06b168404?s=96&d=mm&r=g\",\"contentUrl\":\"https:\/\/secure.gravatar.com\/avatar\/a68cd56ce9ec1bec9fa006c06b168404?s=96&d=mm&r=g\",\"caption\":\"polskaradapelletu\"},\"url\":\"http:\/\/polskaradapelletu.org\/ru\/author\/polskaradapelletu\/\"}]}<\/script>\n<!-- \/ Yoast SEO plugin. -->","yoast_head_json":{"title":"European Pellet Conference - Austria 2023 - (Polski) Polska Rada Pelletu","robots":{"index":"index","follow":"follow","max-snippet":"max-snippet:-1","max-image-preview":"max-image-preview:large","max-video-preview":"max-video-preview:-1"},"canonical":"http:\/\/polskaradapelletu.org\/european-pellet-conference-austria-2023\/","og_locale":"ru_RU","og_type":"article","og_title":"European Pellet Conference - Austria 2023 - (Polski) Polska Rada Pelletu","og_description":"Za nami European Pellet Conference &#8212; jedna z najwi\u0119kszych na \u015bwiecie corocznych imprez pelletowych na \u015bwiecie. Podczas konferencji, w imieniu Polskiej Rady Pelletu swoj\u0105 prelekcje nt powszechnych paliw na rynku polskim w cieniu wojny na Ukrainiec poprowadzil Adam Sarnaszek &#8212; Prezes Polskiej Rady Pelletu. W kolejnych dniach odb\u0119dzie si\u0119 Walne Zebranie EPC oraz Bioenergy Europe [&hellip;]","og_url":"http:\/\/polskaradapelletu.org\/european-pellet-conference-austria-2023\/","og_site_name":"(Polski) Polska Rada Pelletu","article_published_time":"2023-03-02T19:43:44+00:00","article_modified_time":"2023-03-02T19:45:50+00:00","og_image":[{"width":493,"height":70,"url":"http:\/\/polskaradapelletu.org\/wp-content\/uploads\/2023\/03\/european-pellet-confgerence-2023.png","type":"image\/png"}],"author":"polskaradapelletu","twitter_card":"summary_large_image","twitter_misc":{"\u041d\u0430\u043f\u0438\u0441\u0430\u043d\u043e \u0430\u0432\u0442\u043e\u0440\u043e\u043c":"polskaradapelletu"},"schema":{"@context":"https:\/\/schema.org","@graph":[{"@type":"WebPage","@id":"http:\/\/polskaradapelletu.org\/european-pellet-conference-austria-2023\/","url":"http:\/\/polskaradapelletu.org\/european-pellet-conference-austria-2023\/","name":"European Pellet Conference - Austria 2023 - (Polski) Polska Rada Pelletu","isPartOf":{"@id":"https:\/\/polskaradapelletu.org\/ru\/#website"},"primaryImageOfPage":{"@id":"http:\/\/polskaradapelletu.org\/european-pellet-conference-austria-2023\/#primaryimage"},"image":{"@id":"http:\/\/polskaradapelletu.org\/european-pellet-conference-austria-2023\/#primaryimage"},"thumbnailUrl":"http:\/\/polskaradapelletu.org\/wp-content\/uploads\/2023\/03\/european-pellet-confgerence-2023.png","datePublished":"2023-03-02T19:43:44+00:00","dateModified":"2023-03-02T19:45:50+00:00","author":{"@id":"https:\/\/polskaradapelletu.org\/ru\/#\/schema\/person\/29e23b016091609a8e1bee8c19b2974d"},"breadcrumb":{"@id":"http:\/\/polskaradapelletu.org\/european-pellet-conference-austria-2023\/#breadcrumb"},"inLanguage":"ru-RU","potentialAction":[{"@type":"ReadAction","target":["http:\/\/polskaradapelletu.org\/european-pellet-conference-austria-2023\/"]}]},{"@type":"ImageObject","inLanguage":"ru-RU","@id":"http:\/\/polskaradapelletu.org\/european-pellet-conference-austria-2023\/#primaryimage","url":"http:\/\/polskaradapelletu.org\/wp-content\/uploads\/2023\/03\/european-pellet-confgerence-2023.png","contentUrl":"http:\/\/polskaradapelletu.org\/wp-content\/uploads\/2023\/03\/european-pellet-confgerence-2023.png","width":493,"height":70},{"@type":"BreadcrumbList","@id":"http:\/\/polskaradapelletu.org\/european-pellet-conference-austria-2023\/#breadcrumb","itemListElement":[{"@type":"ListItem","position":1,"name":"Strona g\u0142\u00f3wna","item":"https:\/\/polskaradapelletu.org\/ru\/"},{"@type":"ListItem","position":2,"name":"European Pellet Conference &#8211; Austria 2023"}]},{"@type":"WebSite","@id":"https:\/\/polskaradapelletu.org\/ru\/#website","url":"https:\/\/polskaradapelletu.org\/ru\/","name":"(Polski) Polska Rada Pelletu","description":"","potentialAction":[{"@type":"SearchAction","target":{"@type":"EntryPoint","urlTemplate":"https:\/\/polskaradapelletu.org\/ru\/?s={search_term_string}"},"query-input":{"@type":"PropertyValueSpecification","valueRequired":true,"valueName":"search_term_string"}}],"inLanguage":"ru-RU"},{"@type":"Person","@id":"https:\/\/polskaradapelletu.org\/ru\/#\/schema\/person\/29e23b016091609a8e1bee8c19b2974d","name":"polskaradapelletu","image":{"@type":"ImageObject","inLanguage":"ru-RU","@id":"https:\/\/polskaradapelletu.org\/ru\/#\/schema\/person\/image\/","url":"https:\/\/secure.gravatar.com\/avatar\/a68cd56ce9ec1bec9fa006c06b168404?s=96&d=mm&r=g","contentUrl":"https:\/\/secure.gravatar.com\/avatar\/a68cd56ce9ec1bec9fa006c06b168404?s=96&d=mm&r=g","caption":"polskaradapelletu"},"url":"http:\/\/polskaradapelletu.org\/ru\/author\/polskaradapelletu\/"}]}},"_links":{"self":[{"href":"http:\/\/polskaradapelletu.org\/ru\/wp-json\/wp\/v2\/posts\/2892","targetHints":{"allow":["GET"]}}],"collection":[{"href":"http:\/\/polskaradapelletu.org\/ru\/wp-json\/wp\/v2\/posts"}],"about":[{"href":"http:\/\/polskaradapelletu.org\/ru\/wp-json\/wp\/v2\/types\/post"}],"author":[{"embeddable":true,"href":"http:\/\/polskaradapelletu.org\/ru\/wp-json\/wp\/v2\/users\/1"}],"replies":[{"embeddable":true,"href":"http:\/\/polskaradapelletu.org\/ru\/wp-json\/wp\/v2\/comments?post=2892"}],"version-history":[{"count":1,"href":"http:\/\/polskaradapelletu.org\/ru\/wp-json\/wp\/v2\/posts\/2892\/revisions"}],"predecessor-version":[{"id":2894,"href":"http:\/\/polskaradapelletu.org\/ru\/wp-json\/wp\/v2\/posts\/2892\/revisions\/2894"}],"wp:featuredmedia":[{"embeddable":true,"href":"http:\/\/polskaradapelletu.org\/ru\/wp-json\/wp\/v2\/media\/2895"}],"wp:attachment":[{"href":"http:\/\/polskaradapelletu.org\/ru\/wp-json\/wp\/v2\/media?parent=2892"}],"wp:term":[{"taxonomy":"category","embeddable":true,"href":"http:\/\/polskaradapelletu.org\/ru\/wp-json\/wp\/v2\/categories?post=2892"},{"taxonomy":"post_tag","embeddable":true,"href":"http:\/\/polskaradapelletu.org\/ru\/wp-json\/wp\/v2\/tags?post=2892"}],"curies":[{"name":"wp","href":"https:\/\/api.w.org\/{rel}","templated":true}]}}