{"id":1934,"date":"2020-03-26T11:54:10","date_gmt":"2020-03-26T10:54:10","guid":{"rendered":"http:\/\/polskaradapelletu.org\/?p=1934"},"modified":"2020-03-26T11:57:10","modified_gmt":"2020-03-26T10:57:10","slug":"nowa-data-targow-wood-tech","status":"publish","type":"post","link":"http:\/\/polskaradapelletu.org\/ru\/nowa-data-targow-wood-tech\/","title":{"rendered":"NOWA DATA TARG\u00d3W WOOD TECH!"},"content":{"rendered":"\n<p>W obliczu trudnej sytuacji kt\u00f3ra nas wszystkich dotyczy oraz&nbsp;w trosce i odpowiedzialno\u015bci za zdrowie i bezpiecze\u0144stwo wystawc\u00f3w, odwiedzaj\u0105cych oraz firm wsp\u00f3\u0142pracuj\u0105cych, organizator wydarzenia <strong>WOOD TECH 2020<\/strong>, PTAK Warsaw Expo podj\u0105\u0142 decyzj\u0119 przeniesienia terminu targ\u00f3w z pierwotnej daty 13-15 maja 2020 na<strong> 3-5 listopada 2020.<\/strong><\/p>\n\n\n\n<p><em>\u201eWierzymy \u017ce te kilka miesi\u0119cy uspokoi sytuacj\u0119 i pozwoli nam wszystkim na powr\u00f3t do aktywno\u015bci dnia codziennego i realizacji obowi\u0105zk\u00f3w zawodowych z poczuciem pe\u0142nego bezpiecze\u0144stwa. Wszelkie zmiany nast\u0105pi\u0142y w wyniku konsultacji z bran\u017c\u0105, a jako organizator mamy pe\u0142ne poparcie naszej decyzji ze strony wystawc\u00f3w&nbsp; i firm wsp\u00f3\u0142pracuj\u0105cych. Nadchodz\u0105ce miesi\u0105ce wykorzystamy na udoskonalenie formu\u0142y WOOD TECH, rozbudowanie listy firm wystawienniczych i wzbogacenie programu merytorycznego. Na chwil\u0119 obecn\u0105 zainteresowanie WOOD TECH jest du\u017ce, co nas bardzo cieszy i umacnia w przekonaniu, \u017ce otwieraj\u0105c sezon jesienny w PTAK Warsaw Expo pozwolimy wielu firmom na zdobycie nowych kontrakt\u00f3w i dodatkow\u0105 sprzeda\u017c nap\u0119dzon\u0105 obecno\u015bci\u0105 na premierowej edycji WOOD TECH WARSAW EXPO.\u201d- m\u00f3wi Dyrektor targ\u00f3w \u0141ukasz Filipowicz.<\/em> <\/p>\n","protected":false},"excerpt":{"rendered":"<p>W obliczu trudnej sytuacji kt\u00f3ra nas wszystkich dotyczy oraz&nbsp;w trosce i odpowiedzialno\u015bci za zdrowie i bezpiecze\u0144stwo wystawc\u00f3w, odwiedzaj\u0105cych oraz firm wsp\u00f3\u0142pracuj\u0105cych, organizator wydarzenia WOOD TECH 2020, PTAK Warsaw Expo podj\u0105\u0142 decyzj\u0119 przeniesienia terminu targ\u00f3w z pierwotnej daty 13-15 maja 2020 na 3-5 listopada 2020. \u201eWierzymy \u017ce te kilka miesi\u0119cy uspokoi sytuacj\u0119 i pozwoli nam wszystkim [&hellip;]<\/p>\n","protected":false},"author":1,"featured_media":1936,"comment_status":"closed","ping_status":"closed","sticky":false,"template":"","format":"standard","meta":{"_acf_changed":false,"_exactmetrics_skip_tracking":false,"_exactmetrics_sitenote_active":false,"_exactmetrics_sitenote_note":"","_exactmetrics_sitenote_category":0,"footnotes":""},"categories":[1],"tags":[],"class_list":["post-1934","post","type-post","status-publish","format-standard","has-post-thumbnail","hentry","category-1"],"acf":[],"yoast_head":"<!-- This site is optimized with the Yoast SEO plugin v24.3 - https:\/\/yoast.com\/wordpress\/plugins\/seo\/ -->\n<title>NOWA DATA TARG\u00d3W WOOD TECH! - (Polski) Polska Rada Pelletu<\/title>\n<meta name=\"robots\" content=\"index, follow, max-snippet:-1, max-image-preview:large, max-video-preview:-1\" \/>\n<link rel=\"canonical\" href=\"https:\/\/polskaradapelletu.org\/en\/nowa-data-targow-wood-tech\/\" \/>\n<meta property=\"og:locale\" content=\"ru_RU\" \/>\n<meta property=\"og:type\" content=\"article\" \/>\n<meta property=\"og:title\" content=\"NOWA DATA TARG\u00d3W WOOD TECH! - (Polski) Polska Rada Pelletu\" \/>\n<meta property=\"og:description\" content=\"W obliczu trudnej sytuacji kt\u00f3ra nas wszystkich dotyczy oraz&nbsp;w trosce i odpowiedzialno\u015bci za zdrowie i bezpiecze\u0144stwo wystawc\u00f3w, odwiedzaj\u0105cych oraz firm wsp\u00f3\u0142pracuj\u0105cych, organizator wydarzenia WOOD TECH 2020, PTAK Warsaw Expo podj\u0105\u0142 decyzj\u0119 przeniesienia terminu targ\u00f3w z pierwotnej daty 13-15 maja 2020 na 3-5 listopada 2020. \u201eWierzymy \u017ce te kilka miesi\u0119cy uspokoi sytuacj\u0119 i pozwoli nam wszystkim [&hellip;]\" \/>\n<meta property=\"og:url\" content=\"https:\/\/polskaradapelletu.org\/en\/nowa-data-targow-wood-tech\/\" \/>\n<meta property=\"og:site_name\" content=\"(Polski) Polska Rada Pelletu\" \/>\n<meta property=\"article:published_time\" content=\"2020-03-26T10:54:10+00:00\" \/>\n<meta property=\"article:modified_time\" content=\"2020-03-26T10:57:10+00:00\" \/>\n<meta property=\"og:image\" content=\"https:\/\/polskaradapelletu.org\/wp-content\/uploads\/2020\/03\/wood-tech-1200x490-uai-871x490.png\" \/>\n\t<meta property=\"og:image:width\" content=\"871\" \/>\n\t<meta property=\"og:image:height\" content=\"490\" \/>\n\t<meta property=\"og:image:type\" content=\"image\/png\" \/>\n<meta name=\"author\" content=\"polskaradapelletu\" \/>\n<meta name=\"twitter:card\" content=\"summary_large_image\" \/>\n<meta name=\"twitter:label1\" content=\"\u041d\u0430\u043f\u0438\u0441\u0430\u043d\u043e \u0430\u0432\u0442\u043e\u0440\u043e\u043c\" \/>\n\t<meta name=\"twitter:data1\" content=\"polskaradapelletu\" \/>\n\t<meta name=\"twitter:label2\" content=\"\u041f\u0440\u0438\u043c\u0435\u0440\u043d\u043e\u0435 \u0432\u0440\u0435\u043c\u044f \u0434\u043b\u044f \u0447\u0442\u0435\u043d\u0438\u044f\" \/>\n\t<meta name=\"twitter:data2\" content=\"1 \u043c\u0438\u043d\u0443\u0442\u0430\" \/>\n<script type=\"application\/ld+json\" class=\"yoast-schema-graph\">{\"@context\":\"https:\/\/schema.org\",\"@graph\":[{\"@type\":\"WebPage\",\"@id\":\"https:\/\/polskaradapelletu.org\/en\/nowa-data-targow-wood-tech\/\",\"url\":\"https:\/\/polskaradapelletu.org\/en\/nowa-data-targow-wood-tech\/\",\"name\":\"NOWA DATA TARG\u00d3W WOOD TECH! - (Polski) Polska Rada Pelletu\",\"isPartOf\":{\"@id\":\"https:\/\/polskaradapelletu.org\/#website\"},\"primaryImageOfPage\":{\"@id\":\"https:\/\/polskaradapelletu.org\/en\/nowa-data-targow-wood-tech\/#primaryimage\"},\"image\":{\"@id\":\"https:\/\/polskaradapelletu.org\/en\/nowa-data-targow-wood-tech\/#primaryimage\"},\"thumbnailUrl\":\"http:\/\/polskaradapelletu.org\/wp-content\/uploads\/2020\/03\/wood-tech-1200x490-uai-871x490.png\",\"datePublished\":\"2020-03-26T10:54:10+00:00\",\"dateModified\":\"2020-03-26T10:57:10+00:00\",\"author\":{\"@id\":\"https:\/\/polskaradapelletu.org\/#\/schema\/person\/29e23b016091609a8e1bee8c19b2974d\"},\"breadcrumb\":{\"@id\":\"https:\/\/polskaradapelletu.org\/en\/nowa-data-targow-wood-tech\/#breadcrumb\"},\"inLanguage\":\"ru-RU\",\"potentialAction\":[{\"@type\":\"ReadAction\",\"target\":[\"https:\/\/polskaradapelletu.org\/en\/nowa-data-targow-wood-tech\/\"]}]},{\"@type\":\"ImageObject\",\"inLanguage\":\"ru-RU\",\"@id\":\"https:\/\/polskaradapelletu.org\/en\/nowa-data-targow-wood-tech\/#primaryimage\",\"url\":\"http:\/\/polskaradapelletu.org\/wp-content\/uploads\/2020\/03\/wood-tech-1200x490-uai-871x490.png\",\"contentUrl\":\"http:\/\/polskaradapelletu.org\/wp-content\/uploads\/2020\/03\/wood-tech-1200x490-uai-871x490.png\",\"width\":871,\"height\":490},{\"@type\":\"BreadcrumbList\",\"@id\":\"https:\/\/polskaradapelletu.org\/en\/nowa-data-targow-wood-tech\/#breadcrumb\",\"itemListElement\":[{\"@type\":\"ListItem\",\"position\":1,\"name\":\"Strona g\u0142\u00f3wna\",\"item\":\"https:\/\/polskaradapelletu.org\/\"},{\"@type\":\"ListItem\",\"position\":2,\"name\":\"NOWA DATA TARG\u00d3W WOOD TECH!\"}]},{\"@type\":\"WebSite\",\"@id\":\"https:\/\/polskaradapelletu.org\/#website\",\"url\":\"https:\/\/polskaradapelletu.org\/\",\"name\":\"(Polski) Polska Rada Pelletu\",\"description\":\"\",\"potentialAction\":[{\"@type\":\"SearchAction\",\"target\":{\"@type\":\"EntryPoint\",\"urlTemplate\":\"https:\/\/polskaradapelletu.org\/?s={search_term_string}\"},\"query-input\":{\"@type\":\"PropertyValueSpecification\",\"valueRequired\":true,\"valueName\":\"search_term_string\"}}],\"inLanguage\":\"ru-RU\"},{\"@type\":\"Person\",\"@id\":\"https:\/\/polskaradapelletu.org\/#\/schema\/person\/29e23b016091609a8e1bee8c19b2974d\",\"name\":\"polskaradapelletu\",\"image\":{\"@type\":\"ImageObject\",\"inLanguage\":\"ru-RU\",\"@id\":\"https:\/\/polskaradapelletu.org\/#\/schema\/person\/image\/\",\"url\":\"https:\/\/secure.gravatar.com\/avatar\/a68cd56ce9ec1bec9fa006c06b168404?s=96&d=mm&r=g\",\"contentUrl\":\"https:\/\/secure.gravatar.com\/avatar\/a68cd56ce9ec1bec9fa006c06b168404?s=96&d=mm&r=g\",\"caption\":\"polskaradapelletu\"},\"url\":\"http:\/\/polskaradapelletu.org\/ru\/author\/polskaradapelletu\/\"}]}<\/script>\n<!-- \/ Yoast SEO plugin. -->","yoast_head_json":{"title":"NOWA DATA TARG\u00d3W WOOD TECH! - (Polski) Polska Rada Pelletu","robots":{"index":"index","follow":"follow","max-snippet":"max-snippet:-1","max-image-preview":"max-image-preview:large","max-video-preview":"max-video-preview:-1"},"canonical":"https:\/\/polskaradapelletu.org\/en\/nowa-data-targow-wood-tech\/","og_locale":"ru_RU","og_type":"article","og_title":"NOWA DATA TARG\u00d3W WOOD TECH! - (Polski) Polska Rada Pelletu","og_description":"W obliczu trudnej sytuacji kt\u00f3ra nas wszystkich dotyczy oraz&nbsp;w trosce i odpowiedzialno\u015bci za zdrowie i bezpiecze\u0144stwo wystawc\u00f3w, odwiedzaj\u0105cych oraz firm wsp\u00f3\u0142pracuj\u0105cych, organizator wydarzenia WOOD TECH 2020, PTAK Warsaw Expo podj\u0105\u0142 decyzj\u0119 przeniesienia terminu targ\u00f3w z pierwotnej daty 13-15 maja 2020 na 3-5 listopada 2020. \u201eWierzymy \u017ce te kilka miesi\u0119cy uspokoi sytuacj\u0119 i pozwoli nam wszystkim [&hellip;]","og_url":"https:\/\/polskaradapelletu.org\/en\/nowa-data-targow-wood-tech\/","og_site_name":"(Polski) Polska Rada Pelletu","article_published_time":"2020-03-26T10:54:10+00:00","article_modified_time":"2020-03-26T10:57:10+00:00","og_image":[{"width":871,"height":490,"url":"https:\/\/polskaradapelletu.org\/wp-content\/uploads\/2020\/03\/wood-tech-1200x490-uai-871x490.png","type":"image\/png"}],"author":"polskaradapelletu","twitter_card":"summary_large_image","twitter_misc":{"\u041d\u0430\u043f\u0438\u0441\u0430\u043d\u043e \u0430\u0432\u0442\u043e\u0440\u043e\u043c":"polskaradapelletu","\u041f\u0440\u0438\u043c\u0435\u0440\u043d\u043e\u0435 \u0432\u0440\u0435\u043c\u044f \u0434\u043b\u044f \u0447\u0442\u0435\u043d\u0438\u044f":"1 \u043c\u0438\u043d\u0443\u0442\u0430"},"schema":{"@context":"https:\/\/schema.org","@graph":[{"@type":"WebPage","@id":"https:\/\/polskaradapelletu.org\/en\/nowa-data-targow-wood-tech\/","url":"https:\/\/polskaradapelletu.org\/en\/nowa-data-targow-wood-tech\/","name":"NOWA DATA TARG\u00d3W WOOD TECH! - (Polski) Polska Rada Pelletu","isPartOf":{"@id":"https:\/\/polskaradapelletu.org\/#website"},"primaryImageOfPage":{"@id":"https:\/\/polskaradapelletu.org\/en\/nowa-data-targow-wood-tech\/#primaryimage"},"image":{"@id":"https:\/\/polskaradapelletu.org\/en\/nowa-data-targow-wood-tech\/#primaryimage"},"thumbnailUrl":"http:\/\/polskaradapelletu.org\/wp-content\/uploads\/2020\/03\/wood-tech-1200x490-uai-871x490.png","datePublished":"2020-03-26T10:54:10+00:00","dateModified":"2020-03-26T10:57:10+00:00","author":{"@id":"https:\/\/polskaradapelletu.org\/#\/schema\/person\/29e23b016091609a8e1bee8c19b2974d"},"breadcrumb":{"@id":"https:\/\/polskaradapelletu.org\/en\/nowa-data-targow-wood-tech\/#breadcrumb"},"inLanguage":"ru-RU","potentialAction":[{"@type":"ReadAction","target":["https:\/\/polskaradapelletu.org\/en\/nowa-data-targow-wood-tech\/"]}]},{"@type":"ImageObject","inLanguage":"ru-RU","@id":"https:\/\/polskaradapelletu.org\/en\/nowa-data-targow-wood-tech\/#primaryimage","url":"http:\/\/polskaradapelletu.org\/wp-content\/uploads\/2020\/03\/wood-tech-1200x490-uai-871x490.png","contentUrl":"http:\/\/polskaradapelletu.org\/wp-content\/uploads\/2020\/03\/wood-tech-1200x490-uai-871x490.png","width":871,"height":490},{"@type":"BreadcrumbList","@id":"https:\/\/polskaradapelletu.org\/en\/nowa-data-targow-wood-tech\/#breadcrumb","itemListElement":[{"@type":"ListItem","position":1,"name":"Strona g\u0142\u00f3wna","item":"https:\/\/polskaradapelletu.org\/"},{"@type":"ListItem","position":2,"name":"NOWA DATA TARG\u00d3W WOOD TECH!"}]},{"@type":"WebSite","@id":"https:\/\/polskaradapelletu.org\/#website","url":"https:\/\/polskaradapelletu.org\/","name":"(Polski) Polska Rada Pelletu","description":"","potentialAction":[{"@type":"SearchAction","target":{"@type":"EntryPoint","urlTemplate":"https:\/\/polskaradapelletu.org\/?s={search_term_string}"},"query-input":{"@type":"PropertyValueSpecification","valueRequired":true,"valueName":"search_term_string"}}],"inLanguage":"ru-RU"},{"@type":"Person","@id":"https:\/\/polskaradapelletu.org\/#\/schema\/person\/29e23b016091609a8e1bee8c19b2974d","name":"polskaradapelletu","image":{"@type":"ImageObject","inLanguage":"ru-RU","@id":"https:\/\/polskaradapelletu.org\/#\/schema\/person\/image\/","url":"https:\/\/secure.gravatar.com\/avatar\/a68cd56ce9ec1bec9fa006c06b168404?s=96&d=mm&r=g","contentUrl":"https:\/\/secure.gravatar.com\/avatar\/a68cd56ce9ec1bec9fa006c06b168404?s=96&d=mm&r=g","caption":"polskaradapelletu"},"url":"http:\/\/polskaradapelletu.org\/ru\/author\/polskaradapelletu\/"}]}},"_links":{"self":[{"href":"http:\/\/polskaradapelletu.org\/ru\/wp-json\/wp\/v2\/posts\/1934","targetHints":{"allow":["GET"]}}],"collection":[{"href":"http:\/\/polskaradapelletu.org\/ru\/wp-json\/wp\/v2\/posts"}],"about":[{"href":"http:\/\/polskaradapelletu.org\/ru\/wp-json\/wp\/v2\/types\/post"}],"author":[{"embeddable":true,"href":"http:\/\/polskaradapelletu.org\/ru\/wp-json\/wp\/v2\/users\/1"}],"replies":[{"embeddable":true,"href":"http:\/\/polskaradapelletu.org\/ru\/wp-json\/wp\/v2\/comments?post=1934"}],"version-history":[{"count":2,"href":"http:\/\/polskaradapelletu.org\/ru\/wp-json\/wp\/v2\/posts\/1934\/revisions"}],"predecessor-version":[{"id":1938,"href":"http:\/\/polskaradapelletu.org\/ru\/wp-json\/wp\/v2\/posts\/1934\/revisions\/1938"}],"wp:featuredmedia":[{"embeddable":true,"href":"http:\/\/polskaradapelletu.org\/ru\/wp-json\/wp\/v2\/media\/1936"}],"wp:attachment":[{"href":"http:\/\/polskaradapelletu.org\/ru\/wp-json\/wp\/v2\/media?parent=1934"}],"wp:term":[{"taxonomy":"category","embeddable":true,"href":"http:\/\/polskaradapelletu.org\/ru\/wp-json\/wp\/v2\/categories?post=1934"},{"taxonomy":"post_tag","embeddable":true,"href":"http:\/\/polskaradapelletu.org\/ru\/wp-json\/wp\/v2\/tags?post=1934"}],"curies":[{"name":"wp","href":"https:\/\/api.w.org\/{rel}","templated":true}]}}